{"id":15975,"date":"2025-09-29T10:12:30","date_gmt":"2025-09-29T09:12:30","guid":{"rendered":"https:\/\/paroquiavilarandorinho.pt\/?p=15975"},"modified":"2025-10-20T10:35:05","modified_gmt":"2025-10-20T09:35:05","slug":"jubileu-diocese-porto-2025-acolitos","status":"publish","type":"post","link":"https:\/\/paroquiavilarandorinho.pt\/?p=15975","title":{"rendered":"Jubileu Diocese Porto 2025 &#8211; Ac\u00f3litos"},"content":{"rendered":"<p><img loading=\"lazy\" decoding=\"async\" class=\"aligncenter wp-image-15976\" src=\"https:\/\/paroquiavilarandorinho.pt\/wp-content\/uploads\/2025\/09\/Jubileu-dos-Acolitos.jpg\" alt=\"\" width=\"900\" height=\"871\" srcset=\"https:\/\/paroquiavilarandorinho.pt\/wp-content\/uploads\/2025\/09\/Jubileu-dos-Acolitos.jpg 1008w, https:\/\/paroquiavilarandorinho.pt\/wp-content\/uploads\/2025\/09\/Jubileu-dos-Acolitos-300x290.jpg 300w, https:\/\/paroquiavilarandorinho.pt\/wp-content\/uploads\/2025\/09\/Jubileu-dos-Acolitos-768x744.jpg 768w\" sizes=\"auto, (max-width: 900px) 100vw, 900px\" \/><\/p>\n<h4 style=\"text-align: justify;\"><strong>Jubileu dos Ac\u00f3litos e primeiros Ac\u00f3litos Institu\u00eddos \u201cleigos\u201d<\/strong><\/h4>\n<p style=\"text-align: justify;\"><a href=\"https:\/\/www.vozportucalense.pt\/2025\/09\/\"><strong>12 setembro, 2025<\/strong><\/a><strong>\u00a0<\/strong><a href=\"https:\/\/www.vozportucalense.pt\/category\/diocese\/\"><strong>Diocese<\/strong><\/a><strong>,\u00a0<\/strong><a href=\"https:\/\/www.vozportucalense.pt\/category\/liturgia\/\"><strong>Liturgia<\/strong><\/a><strong>, Voz Portucalense<\/strong><\/p>\n<p style=\"text-align: justify;\"><strong>Por Secretariado Diocesano da Liturgia<\/strong><\/p>\n<p style=\"text-align: justify;\">Est\u00e1 a ser preparado o Jubileu diocesano dos Ac\u00f3litos \u201cministrantes\u201d, a cargo do respetivo Servi\u00e7o Diocesano [=SDA], \u00f3rg\u00e3o integrante do Secretariado Diocesano de Liturgia.<\/p>\n<p style=\"text-align: justify;\">Est\u00e3o previstas duas modalidades de participa\u00e7\u00e3o:<\/p>\n<p style=\"text-align: justify;\">os que puderem e se inscreverem para tal, at\u00e9 14 de setembro, na plataforma preparada para o efeito (ver Facebook do DAS):<\/p>\n<p style=\"text-align: justify;\">\u00a0<a href=\"https:\/\/docs.google.com\/forms\/d\/e\/1FAIpQLSdpHli5GbDjQKumxScRfKrbQkuao_6YyLtrjL3Mm8l8Rucv0w\/viewform?fbclid=IwZXh0bgNhZW0CMTAAYnJpZBEwTGV5Q3ZESzJsQ1dLRGdvSAEewLQszwpQqfUrajUvedaKW-xqSvJTCHwiWMINMAuT-r1f0UVZWZDCdNHpyYY_aem_M04-tZvGtYBBFfWmh282HA\"><strong>https:\/\/docs.google.com\/\u2026\/1FAIpQLSdpHli5GbDjQK\u2026\/viewform<\/strong><\/a>) v\u00e3o convergir para a cidade do Porto j\u00e1 durante o s\u00e1bado, 4 de outubro, aproveitando o dia para participarem em diversas atividades preparadas para viver e aprofundar a alegria deste servi\u00e7o ao altar da Eucaristia, \u00e0 celebra\u00e7\u00e3o dos sacramentos e \u00e0 comunh\u00e3o\/comunidade que eles conformam.<\/p>\n<p style=\"text-align: justify;\">A segunda modalidade \u00e9 a proposta\u00a0<em>universal<\/em>, dirigida a todos: os ac\u00f3litos, vindos dos quatro cantos da Diocese, concentram-se ao in\u00edcio da tarde diante da Igreja de Santo Ildefonso, no Porto, podendo usufruir de um concerto que lhes \u00e9 oferecido. Segue-se uma\u00a0<em>peregrina\u00e7\u00e3o\/<\/em>prociss\u00e3o em dire\u00e7\u00e3o \u00e0 Igreja-M\u00e3e da Diocese, a S\u00e9 do Porto, para o ponto alto do Jubileu: a celebra\u00e7\u00e3o eucar\u00edstica presidida pelo Bispo diocesano, que dever\u00e1 come\u00e7ar pelas 16h.<\/p>\n<p style=\"text-align: justify;\">Este ser\u00e1 um momento marcante n\u00e3o s\u00f3 para os ac\u00f3litos ministrantes que se encontram com o seu Bispo, mas para toda a Igreja diocesana que vai testemunhar um\u00a0<strong>acontecimento in\u00e9dito<\/strong>\u00a0na sua hist\u00f3ria: pela primeira vez, tr\u00eas fi\u00e9is leigos \u2013 e entre eles uma senhora \u2013 v\u00e3o receber a\u00a0<em>cola\u00e7\u00e3o<\/em>\u00a0do minist\u00e9rio laical institu\u00eddo de Ac\u00f3lito.<\/p>\n<p style=\"text-align: justify;\">Foi j\u00e1 em 15 de agosto de 1972 (<em>Ministeria quaedam<\/em>) que S\u00e3o Paulo VI reformou a disciplina relativa \u00e0s chamadas \u00abordens menores\u00bb, desligando-as do clero e substituindo-as por minist\u00e9rios institu\u00eddos a conferir a fi\u00e9is leigos: Leitorado e Acolitado. O Papa previa a eventualidade de outros minist\u00e9rios a instituir, por proposta das Confer\u00eancias Episcopais. Porque a rece\u00e7\u00e3o desses minist\u00e9rios continuou e continua a integrar o itiner\u00e1rio formativo dos futuros ministros ordenados, a normativa can\u00f3nica determinou ent\u00e3o que somente os fi\u00e9is do sexo masculino seriam sujeitos eleg\u00edveis para esta institui\u00e7\u00e3o. O\u00a0<em>C\u00f3digo de Direito Can\u00f3nico<\/em>\u00a0manteve essa restri\u00e7\u00e3o (c\u00e2n. 230, \u00a7 1), com duas consequ\u00eancias: a) prolongamento involunt\u00e1rio da situa\u00e7\u00e3o pr\u00e9-conciliar, com a reserva pr\u00e1tica da institui\u00e7\u00e3o aos candidatos \u00e0s ordens sagradas, obscurecendo-se o seu car\u00e1cter laical e a sua deriva\u00e7\u00e3o dos Sacramentos da Inicia\u00e7\u00e3o crist\u00e3 (e n\u00e3o da Ordem); b) porque os pastores da Igreja n\u00e3o quiseram secundar a discrimina\u00e7\u00e3o entre homens e mulheres no exerc\u00edcio de\u00a0<em>minist\u00e9rios\u00a0<\/em>laicais, percorreu-se a via aberta pelos \u00a7\u00a7 2 e 3 do mesmo c\u00e2n. 230 e assistimos ao maravilhoso fen\u00f3meno da multiplica\u00e7\u00e3o de leitores e ac\u00f3litos\u00a0<em>de facto<\/em>, de ambos os sexos, com o benepl\u00e1cito dos bispos diocesanos.<\/p>\n<p style=\"text-align: justify;\">Correspondendo ao apelo de muitos bispos e retomando prop\u00f3sitos anunciados pelos seus antecessores, o Papa Francisco, removeu a exclus\u00e3o do sexo feminino prevista no c\u00e2n. 230, \u00a7 1, com o\u00a0<em>motu proprio<\/em>\u00a0\u201cSpiritus Domini\u201d de 10 de janeiro de 2021. Em 22 de junho de 2022, a Confer\u00eancia Episcopal Portuguesa publicou uma Instru\u00e7\u00e3o Pastoral com princ\u00edpios e normas revistos (<em>Minist\u00e9rios laicais para uma Igreja Ministerial<\/em>). Na nossa Diocese, D. Manuel Linda emitiu uma oportuna\u00a0<em>Nota Pastoral<\/em>\u00a0em 29 de maio de 2023. E pode agora, 53 anos ap\u00f3s, \u00abreceber-se\u00bb a grande reforma conciliar dos minist\u00e9rios, promovida por S\u00e3o Paulo VI.<\/p>\n<p style=\"text-align: justify;\">Aderimos, assim, ao convite de D. Manuel Linda: \u00ab<em>correspondendo ao impulso renovador do Conc\u00edlio, de S\u00e3o Paulo VI e do Papa Francisco, com os meus irm\u00e3os Bispos da Confer\u00eancia Episcopal [\u2026], a partir da base maravilhosa desta imensa e difusa ministerialidade de facto, quero convidar a Igreja diocesana a dar um passo determinado na implementa\u00e7\u00e3o efetiva dos minist\u00e9rios laicais institu\u00eddos de leitores, ac\u00f3litos e catequistas<\/em>\u00bb (<em>Nota Pastoral\u00a0<\/em>de 29 de maio de 2023). Dizia ent\u00e3o o nosso Bispo Diocesano: \u00ab<em>Antevejo que cada par\u00f3quia ou igreja\/reitoria, no futuro, venha a ter um(a) ac\u00f3lito(a), um(a) leitor(a) e um(a) catequista devidamente institu\u00eddos. Esse n\u00famero poder\u00e1 crescer nas comunidades\u00a0mais populosas ou pluric\u00eantricas \u00e0 medida que se for consolidando esta reconfigura\u00e7\u00e3o ministerial. Respeitando a lei da gradualidade, poder\u00e1 come\u00e7ar-se a n\u00edvel vicarial, por aqueles que j\u00e1 v\u00e3o desempenhando tarefas de coordena\u00e7\u00e3o e s\u00e3o refer\u00eancia reconhecida nas respetivas \u00e1reas<\/em>\u00bb.<\/p>\n<p style=\"text-align: justify;\">Felicitamos os 3 fi\u00e9is leigos que agora se preparam para dar este passo de generosa dedica\u00e7\u00e3o \u00e0s suas comunidades no servi\u00e7o do culto divino e da caridade. Saudamos as par\u00f3quias que os apresentam. E renovamos o convite\/desafio a todas as outras para que percorram este belo caminho de uma Igreja ministerial.<\/p>\n<p>&nbsp;<\/p>\n<p style=\"text-align: justify;\"><a href=\"https:\/\/paroquiavilarandorinho.pt\/wp-content\/uploads\/2025\/09\/Jubileu-Diocese-Porto-2025-Acolitos.pdf\">Jubileu Diocese Porto 2025 &#8211; Ac\u00f3litos<\/a> (PDF)<\/p>\n","protected":false},"excerpt":{"rendered":"<p>Est\u00e1 a ser preparado o Jubileu diocesano dos Ac\u00f3litos \u201cministrantes\u201d, a cargo do respetivo Servi\u00e7o Diocesano [=SDA], \u00f3rg\u00e3o integrante do Secretariado Diocesano de Liturgia.<\/p>\n","protected":false},"author":2,"featured_media":15978,"comment_status":"closed","ping_status":"closed","sticky":false,"template":"","format":"standard","meta":{"_acf_changed":false,"rs_blank_template":"","rs_page_bg_color":"","slide_template_v7":"","footnotes":""},"categories":[113,68],"tags":[],"class_list":["post-15975","post","type-post","status-publish","format-standard","has-post-thumbnail","hentry","category-acolitos-ano-pastoral-2025-2026","category-ultimas"],"acf":[],"_links":{"self":[{"href":"https:\/\/paroquiavilarandorinho.pt\/index.php?rest_route=\/wp\/v2\/posts\/15975","targetHints":{"allow":["GET"]}}],"collection":[{"href":"https:\/\/paroquiavilarandorinho.pt\/index.php?rest_route=\/wp\/v2\/posts"}],"about":[{"href":"https:\/\/paroquiavilarandorinho.pt\/index.php?rest_route=\/wp\/v2\/types\/post"}],"author":[{"embeddable":true,"href":"https:\/\/paroquiavilarandorinho.pt\/index.php?rest_route=\/wp\/v2\/users\/2"}],"replies":[{"embeddable":true,"href":"https:\/\/paroquiavilarandorinho.pt\/index.php?rest_route=%2Fwp%2Fv2%2Fcomments&post=15975"}],"version-history":[{"count":1,"href":"https:\/\/paroquiavilarandorinho.pt\/index.php?rest_route=\/wp\/v2\/posts\/15975\/revisions"}],"predecessor-version":[{"id":15979,"href":"https:\/\/paroquiavilarandorinho.pt\/index.php?rest_route=\/wp\/v2\/posts\/15975\/revisions\/15979"}],"wp:featuredmedia":[{"embeddable":true,"href":"https:\/\/paroquiavilarandorinho.pt\/index.php?rest_route=\/wp\/v2\/media\/15978"}],"wp:attachment":[{"href":"https:\/\/paroquiavilarandorinho.pt\/index.php?rest_route=%2Fwp%2Fv2%2Fmedia&parent=15975"}],"wp:term":[{"taxonomy":"category","embeddable":true,"href":"https:\/\/paroquiavilarandorinho.pt\/index.php?rest_route=%2Fwp%2Fv2%2Fcategories&post=15975"},{"taxonomy":"post_tag","embeddable":true,"href":"https:\/\/paroquiavilarandorinho.pt\/index.php?rest_route=%2Fwp%2Fv2%2Ftags&post=15975"}],"curies":[{"name":"wp","href":"https:\/\/api.w.org\/{rel}","templated":true}]}}