{"id":16009,"date":"2025-10-06T09:58:11","date_gmt":"2025-10-06T08:58:11","guid":{"rendered":"https:\/\/paroquiavilarandorinho.pt\/?p=16009"},"modified":"2025-10-06T10:00:28","modified_gmt":"2025-10-06T09:00:28","slug":"semana-de-06-10-2025-a-12-10-2025","status":"publish","type":"post","link":"https:\/\/paroquiavilarandorinho.pt\/?p=16009","title":{"rendered":"Semana de 06.10.2025 a 12.10.2025"},"content":{"rendered":"<ol>\n<li><strong>Dia 06.10.2025 (segunda-feira)<\/strong><\/li>\n<\/ol>\n<p><strong>Ora\u00e7\u00e3o pela Paz<\/strong><\/p>\n<p>Capela de S. Louren\u00e7o &#8211; 21h00<\/p>\n<p><strong>Ter\u00e7o do Ros\u00e1rio<\/strong><\/p>\n<p>Matriz \u2013 18h00<\/p>\n<p>Balteiro \u2013 21h00<\/p>\n<p><strong>\u00a0<\/strong><\/p>\n<ol start=\"2\">\n<li><strong>Dia 07.10.2025 (ter\u00e7a-feira)<\/strong><\/li>\n<\/ol>\n<p><strong>Ter\u00e7o do Ros\u00e1rio<\/strong><\/p>\n<p><strong><\/strong>Igreja Sagrada Fam\u00edlia \u2013 16h00<\/p>\n<p>Matriz \u2013 18h00<\/p>\n<p>Balteiro \u2013 21h00<\/p>\n<p>&nbsp;<\/p>\n<ol start=\"3\">\n<li><strong>Dia 08.10.2025 (quarta-feira)<\/strong><\/li>\n<\/ol>\n<p><strong>Ter\u00e7o do Ros\u00e1rio<\/strong><\/p>\n<p><strong><\/strong>Igreja Sagrada Fam\u00edlia \u2013 16h00<\/p>\n<p>Matriz \u2013 18h00<\/p>\n<p><strong><\/strong>Balteiro \u2013 21h00<\/p>\n<p>&nbsp;<\/p>\n<ol start=\"4\">\n<li><strong>Dia 09.10.2025 (quinta-feira)<\/strong><\/li>\n<\/ol>\n<p><strong>Ter\u00e7o do Ros\u00e1rio<\/strong><\/p>\n<p><strong><\/strong>Igreja Sagrada Fam\u00edlia \u2013 16h00<\/p>\n<p>Matriz \u2013 18h00<\/p>\n<p>Balteiro \u2013 21h00<\/p>\n<p>&nbsp;<\/p>\n<ol start=\"5\">\n<li><strong>Dia 10.10.2025 (sexta-feira)<\/strong><\/li>\n<\/ol>\n<p><strong>Ter\u00e7o do Ros\u00e1rio<\/strong><\/p>\n<p><strong><\/strong>Igreja Sagrada Fam\u00edlia \u2013 16h00<\/p>\n<p>Matriz \u2013 18h00<\/p>\n<p>Balteiro \u2013 21h00<\/p>\n<p>&nbsp;<\/p>\n<p>&nbsp;<\/p>\n<ol start=\"6\">\n<li><strong>Dia 11.10.2025 (s\u00e1bado) \u2013 IN\u00cdCIO da CATEQUESE<\/strong><\/li>\n<\/ol>\n<p><strong>Missa da Catequese<\/strong><\/p>\n<p><strong><\/strong>Matriz &#8211; 15h30<\/p>\n<p><strong>Ter\u00e7o do Ros\u00e1rio<\/strong><\/p>\n<p><strong><\/strong>Igreja Sagrada Fam\u00edlia \u2013 16h00<\/p>\n<p>Balteiro \u2013 21h00<\/p>\n<p><strong>Missa Vespertina do XXVIII Domingo do Tempo Comum \u2013 Ano C<\/strong><\/p>\n<p>Igreja Sagrada Fam\u00edlia \u2013 19h00<\/p>\n<p><strong>1\u00aa Reuni\u00e3o de Prepara\u00e7\u00e3o para o Sacramento do Crisma em 30.11.2025<\/strong><\/p>\n<p>21h00 \u2013 Centro de Catequese P. Joaquim Faria<\/p>\n<p>&nbsp;<\/p>\n<ol start=\"7\">\n<li><strong>Dia 12.10.2025 (Domingo) &#8211; IN\u00cdCIO DA CATEQUESE<\/strong><\/li>\n<\/ol>\n<p><strong>Domingo XXVIII do Tempo Comum \u2013 Ano C<\/strong><\/p>\n<p><strong><\/strong>Matriz \u2013 08h00<\/p>\n<p>Balteiro \u2013 09h30<\/p>\n<p><strong>Ter\u00e7o do Ros\u00e1rio<\/strong><\/p>\n<p>Balteiro \u2013 21h00<\/p>\n<p><strong>\u00a0<\/strong><\/p>\n<p><strong>\u00a0<\/strong><\/p>\n<p><strong>NOTA 1:<\/strong><\/p>\n<p><strong>Eucaristias \u00e0 semana:<\/strong><\/p>\n<p>Ter\u00e7a-feira &#8211; 19h00 &#8211; Matriz;<\/p>\n<p>Quarta-feira &#8211; 19h00 &#8211; Balteiro;<\/p>\n<p>Quinta-feira &#8211; 19h00 &#8211; Igreja Sagrada Fam\u00edlia com Exposi\u00e7\u00e3o do Sant\u00edssimo Sacramento<\/p>\n<p>Sexta-feira \u2013 19h00 &#8211; Matriz com Exposi\u00e7\u00e3o do Sant\u00edssimo Sacramento.<\/p>\n<p>&nbsp;<\/p>\n<p><strong>NOTA 2:<\/strong><\/p>\n<p><strong>Hor\u00e1rio de Atendimento do P\u00e1roco:<\/strong><\/p>\n<p><strong>2.1.<\/strong> <strong>Casa Paroquial\/Matriz &#8211; Atendimento<\/strong> <strong>geral e confiss\u00f5es <\/strong><\/p>\n<p>Ter\u00e7a e Sexta-feira das 16h \u00e0s 18h30.<\/p>\n<p>Telem\u00f3vel: 934 575 879 Email: secretariaparoquial@paroquiavilarandorinho.pt<\/p>\n<p>Morada: Casa Paroquial Rua Padre Maia, 55<\/p>\n<p>4430-479 VILAR DE ANDORINHO<\/p>\n<p><strong>2.2. Centros de Celebra\u00e7\u00e3o Eclesial \u2013 Atendimento geral e confiss\u00f5es<\/strong><\/p>\n<p>Quarta-feira \u2013 Balteiro \u2013 Capela da N\u00aa S\u00aa M\u00e3e dos Crist\u00e3os &#8211; 16h00 \u00e0s 18h30.<\/p>\n<p>Quinta-feira \u2013 Vila d\u00b4Este \u2013 Igreja Sagrada Fam\u00edlia \u2013 16h00 \u00e0s 18h30.<\/p>\n<p>&nbsp;<\/p>\n<p><a href=\"https:\/\/paroquiavilarandorinho.pt\/wp-content\/uploads\/2025\/10\/Dinamica-Paroquial-06.10.2025.pdf\">Din\u00e2mica Paroquial &#8211; 06.10.2025<\/a> (PDF)<\/p>\n","protected":false},"excerpt":{"rendered":"<p>Din\u00e2mica Paroquial<\/p>\n","protected":false},"author":2,"featured_media":0,"comment_status":"closed","ping_status":"closed","sticky":false,"template":"","format":"standard","meta":{"_acf_changed":false,"rs_blank_template":"","rs_page_bg_color":"","slide_template_v7":"","footnotes":""},"categories":[106],"tags":[],"class_list":["post-16009","post","type-post","status-publish","format-standard","hentry","category-dinamica-paroquial"],"acf":[],"_links":{"self":[{"href":"https:\/\/paroquiavilarandorinho.pt\/index.php?rest_route=\/wp\/v2\/posts\/16009","targetHints":{"allow":["GET"]}}],"collection":[{"href":"https:\/\/paroquiavilarandorinho.pt\/index.php?rest_route=\/wp\/v2\/posts"}],"about":[{"href":"https:\/\/paroquiavilarandorinho.pt\/index.php?rest_route=\/wp\/v2\/types\/post"}],"author":[{"embeddable":true,"href":"https:\/\/paroquiavilarandorinho.pt\/index.php?rest_route=\/wp\/v2\/users\/2"}],"replies":[{"embeddable":true,"href":"https:\/\/paroquiavilarandorinho.pt\/index.php?rest_route=%2Fwp%2Fv2%2Fcomments&post=16009"}],"version-history":[{"count":3,"href":"https:\/\/paroquiavilarandorinho.pt\/index.php?rest_route=\/wp\/v2\/posts\/16009\/revisions"}],"predecessor-version":[{"id":16013,"href":"https:\/\/paroquiavilarandorinho.pt\/index.php?rest_route=\/wp\/v2\/posts\/16009\/revisions\/16013"}],"wp:attachment":[{"href":"https:\/\/paroquiavilarandorinho.pt\/index.php?rest_route=%2Fwp%2Fv2%2Fmedia&parent=16009"}],"wp:term":[{"taxonomy":"category","embeddable":true,"href":"https:\/\/paroquiavilarandorinho.pt\/index.php?rest_route=%2Fwp%2Fv2%2Fcategories&post=16009"},{"taxonomy":"post_tag","embeddable":true,"href":"https:\/\/paroquiavilarandorinho.pt\/index.php?rest_route=%2Fwp%2Fv2%2Ftags&post=16009"}],"curies":[{"name":"wp","href":"https:\/\/api.w.org\/{rel}","templated":true}]}}