{"id":16031,"date":"2025-10-09T12:20:05","date_gmt":"2025-10-09T11:20:05","guid":{"rendered":"https:\/\/paroquiavilarandorinho.pt\/?p=16031"},"modified":"2025-10-09T12:20:47","modified_gmt":"2025-10-09T11:20:47","slug":"voto-de-louvor-ao-padre-albino-reis-e-de-boas-vindas-ao-padre-vasco-soeiro","status":"publish","type":"post","link":"https:\/\/paroquiavilarandorinho.pt\/?p=16031","title":{"rendered":"Voto de louvor ao Padre Albino Reis e de boas-vindas ao Padre Vasco Soeiro"},"content":{"rendered":"<p><img loading=\"lazy\" decoding=\"async\" class=\"aligncenter size-full wp-image-16032\" src=\"https:\/\/paroquiavilarandorinho.pt\/wp-content\/uploads\/2025\/10\/vilar_andorinho.jpg\" alt=\"\" width=\"1037\" height=\"120\" srcset=\"https:\/\/paroquiavilarandorinho.pt\/wp-content\/uploads\/2025\/10\/vilar_andorinho.jpg 1037w, https:\/\/paroquiavilarandorinho.pt\/wp-content\/uploads\/2025\/10\/vilar_andorinho-300x35.jpg 300w, https:\/\/paroquiavilarandorinho.pt\/wp-content\/uploads\/2025\/10\/vilar_andorinho-1024x118.jpg 1024w, https:\/\/paroquiavilarandorinho.pt\/wp-content\/uploads\/2025\/10\/vilar_andorinho-768x89.jpg 768w\" sizes=\"auto, (max-width: 1037px) 100vw, 1037px\" \/><\/p>\n<h4><strong>Vilar de Andorinho: votos de louvor e boas-vindas<\/strong><\/h4>\n<p><strong>\u00a0<\/strong><a href=\"https:\/\/www.vozportucalense.pt\/2025\/10\/\"><strong>7 outubro, 2025<\/strong><\/a><strong>\u00a0<\/strong><a href=\"https:\/\/www.vozportucalense.pt\/category\/eclesial\/\"><strong>Eclesial<\/strong><\/a><strong> \u2013 Voz Portucalense<\/strong><\/p>\n<p style=\"text-align: justify;\">A Assembleia de Freguesia de Vilar de Andorinho, no passado dia 29 de setembro, aprovou por unanimidade, um voto de louvor ao padre Albino Reis<em>, \u201cque durante vinte e dois anos exerceu, com dedica\u00e7\u00e3o exemplar, o minist\u00e9rio de p\u00e1roco em Vilar de Andorinho\u201d,<\/em> refere nota enviada para a reda\u00e7\u00e3o de Voz Portucalense.<\/p>\n<p style=\"text-align: justify;\"><em>\u201cDurante mais de duas d\u00e9cadas, o padre Albino n\u00e3o s\u00f3 se destacou pela sua a\u00e7\u00e3o pastoral e proximidade junto da comunidade crist\u00e3, mas tamb\u00e9m pelo seu esp\u00edrito de servi\u00e7o, solidariedade e disponibilidade para todos os fregueses, independentemente das suas convic\u00e7\u00f5es religiosas. A sua interven\u00e7\u00e3o constante em prol da uni\u00e3o, da forma\u00e7\u00e3o espiritual e da valoriza\u00e7\u00e3o humana deixa uma marca profunda e duradoura em Vilar de Andorinho\u201d,<\/em> pode-se ler na nota.<\/p>\n<p style=\"text-align: justify;\"><em>O padre Albino Reis vai agora dedicar-se em exclusivo \u00e0 sua miss\u00e3o de capel\u00e3o do Hospital Santos Silva em Vila Nova de Gaia<\/em>, salienta a nota.<\/p>\n<p style=\"text-align: justify;\">No mesmo sentido deste voto de louvor, a Assembleia de Freguesia de Vilar de Andorinho, formula um voto de boas-vindas ao padre Vasco Soeiro, <em>\u201crecentemente nomeado p\u00e1roco da par\u00f3quia de Vilar de Andorinho\u201d.<\/em><\/p>\n<p style=\"text-align: justify;\"><em>\u201cA comunidade desta freguesia recebe o Padre Vasco Soeiro com alegria, confian\u00e7a e esperan\u00e7a, desejando que a sua miss\u00e3o pastoral seja frutuosa e marcada pelo esp\u00edrito de proximidade, dedica\u00e7\u00e3o e servi\u00e7o ao pr\u00f3ximo\u201d,<\/em> refere a nota.<\/p>\n<p style=\"text-align: justify;\"><em>\u201cA Assembleia de Freguesia expressa o seu sincero desejo de colabora\u00e7\u00e3o e de apoio no trabalho que o novo p\u00e1roco desenvolver\u00e1, certo de que a sua presen\u00e7a contribuir\u00e1 para o fortalecimento dos la\u00e7os de f\u00e9, solidariedade e comunh\u00e3o entre os paroquianos e toda a comunidade local\u201d,<\/em> conclui o comunicado.<\/p>\n<p>&nbsp;<\/p>\n<p><a href=\"https:\/\/paroquiavilarandorinho.pt\/wp-content\/uploads\/2025\/10\/Voto-de-louvor-ao-Padre-Albino-Reis-e-de-boas-vindas-ao-Padre-Vasco-Soeiro.pdf\">Voto de louvor ao Padre Albino Reis e de boas-vindas ao Padre Vasco Soeiro<\/a> (PDF)<\/p>\n","protected":false},"excerpt":{"rendered":"<p>A Assembleia de Freguesia de Vilar de Andorinho, no passado dia 29 de setembro, aprovou por unanimidade, um voto de louvor &#8230;<\/p>\n","protected":false},"author":2,"featured_media":16034,"comment_status":"closed","ping_status":"closed","sticky":false,"template":"","format":"standard","meta":{"_acf_changed":false,"rs_blank_template":"","rs_page_bg_color":"","slide_template_v7":"","footnotes":""},"categories":[68],"tags":[],"class_list":["post-16031","post","type-post","status-publish","format-standard","has-post-thumbnail","hentry","category-ultimas"],"acf":[],"_links":{"self":[{"href":"https:\/\/paroquiavilarandorinho.pt\/index.php?rest_route=\/wp\/v2\/posts\/16031","targetHints":{"allow":["GET"]}}],"collection":[{"href":"https:\/\/paroquiavilarandorinho.pt\/index.php?rest_route=\/wp\/v2\/posts"}],"about":[{"href":"https:\/\/paroquiavilarandorinho.pt\/index.php?rest_route=\/wp\/v2\/types\/post"}],"author":[{"embeddable":true,"href":"https:\/\/paroquiavilarandorinho.pt\/index.php?rest_route=\/wp\/v2\/users\/2"}],"replies":[{"embeddable":true,"href":"https:\/\/paroquiavilarandorinho.pt\/index.php?rest_route=%2Fwp%2Fv2%2Fcomments&post=16031"}],"version-history":[{"count":2,"href":"https:\/\/paroquiavilarandorinho.pt\/index.php?rest_route=\/wp\/v2\/posts\/16031\/revisions"}],"predecessor-version":[{"id":16036,"href":"https:\/\/paroquiavilarandorinho.pt\/index.php?rest_route=\/wp\/v2\/posts\/16031\/revisions\/16036"}],"wp:featuredmedia":[{"embeddable":true,"href":"https:\/\/paroquiavilarandorinho.pt\/index.php?rest_route=\/wp\/v2\/media\/16034"}],"wp:attachment":[{"href":"https:\/\/paroquiavilarandorinho.pt\/index.php?rest_route=%2Fwp%2Fv2%2Fmedia&parent=16031"}],"wp:term":[{"taxonomy":"category","embeddable":true,"href":"https:\/\/paroquiavilarandorinho.pt\/index.php?rest_route=%2Fwp%2Fv2%2Fcategories&post=16031"},{"taxonomy":"post_tag","embeddable":true,"href":"https:\/\/paroquiavilarandorinho.pt\/index.php?rest_route=%2Fwp%2Fv2%2Ftags&post=16031"}],"curies":[{"name":"wp","href":"https:\/\/api.w.org\/{rel}","templated":true}]}}