{"id":16066,"date":"2025-10-13T10:09:23","date_gmt":"2025-10-13T09:09:23","guid":{"rendered":"https:\/\/paroquiavilarandorinho.pt\/?p=16066"},"modified":"2025-10-13T10:13:58","modified_gmt":"2025-10-13T09:13:58","slug":"semana-de-13-10-2025-a-19-10-2025","status":"publish","type":"post","link":"https:\/\/paroquiavilarandorinho.pt\/?p=16066","title":{"rendered":"Semana de 13.10.2025 a 19.10.2025"},"content":{"rendered":"<ol start=\"1\">\n<li><strong>Dia 13.10.2025 (segunda-feira)<\/strong><\/li>\n<\/ol>\n<p><strong>Ora\u00e7\u00e3o pela Paz<\/strong><\/p>\n<p>Capela de S. Louren\u00e7o &#8211; 21h00<\/p>\n<p><strong>Ter\u00e7o do Ros\u00e1rio<\/strong><\/p>\n<p>Matriz \u2013 18h00<\/p>\n<p>Balteiro \u2013 21h00<\/p>\n<p><strong>\u00a0<\/strong><\/p>\n<ol start=\"2\">\n<li><strong>Dia 14.10.2025 (ter\u00e7a-feira)<\/strong><\/li>\n<\/ol>\n<p><strong>Ter\u00e7o do Ros\u00e1rio<\/strong><\/p>\n<p>Igreja Sagrada Fam\u00edlia \u2013 16h00<\/p>\n<p>Matriz \u2013 18h00<\/p>\n<p>Balteiro \u2013 21h00<\/p>\n<p>&nbsp;<\/p>\n<ol start=\"3\">\n<li><strong>Dia 15.10.2025 (quarta-feira)<\/strong><\/li>\n<\/ol>\n<p><strong>Ora\u00e7\u00e3o pelos Enfermos<\/strong><\/p>\n<p>Capela S. Louren\u00e7o \u2013 21h00<\/p>\n<p><strong>Ter\u00e7o do Ros\u00e1rio<\/strong><\/p>\n<p>Igreja Sagrada Fam\u00edlia \u2013 16h00<\/p>\n<p>Matriz \u2013 18h00<\/p>\n<p>Balteiro \u2013 21h00<\/p>\n<p>&nbsp;<\/p>\n<ol start=\"4\">\n<li><strong>Dia 16.10.2025 (quinta-feira)<\/strong><\/li>\n<\/ol>\n<p><strong>Ora\u00e7\u00e3o pelo bem-estar dos Povos<\/strong><\/p>\n<p>21 horas \u2013 Igreja Sagrada Fam\u00edlia<\/p>\n<p><strong>Reuni\u00e3o de Dire\u00e7\u00e3o do CSPVA<\/strong><\/p>\n<p>21h30 \u2013 Casa Paroquial<\/p>\n<p><strong>Ter\u00e7o do Ros\u00e1rio<\/strong><\/p>\n<p>Igreja Sagrada Fam\u00edlia \u2013 16h00<\/p>\n<p>Matriz \u2013 18h00<\/p>\n<p>Balteiro \u2013 21h00<\/p>\n<p>&nbsp;<\/p>\n<p>&nbsp;<\/p>\n<ol start=\"5\">\n<li><strong>Dia 17.10.2025 (sexta-feira)<\/strong><\/li>\n<\/ol>\n<p><strong>Reuni\u00e3o de Leitores<\/strong><\/p>\n<p>21h00 \u2013 Sal\u00e3o da Igreja da Sagrada Fam\u00edlia<\/p>\n<p><strong>Ter\u00e7o do Ros\u00e1rio<\/strong><\/p>\n<p>Igreja Sagrada Fam\u00edlia \u2013 16h00<\/p>\n<p>Matriz \u2013 18h00<\/p>\n<p>Balteiro \u2013 21h00<\/p>\n<p>&nbsp;<\/p>\n<ol start=\"6\">\n<li><strong>Dia 18.10.2025 (s\u00e1bado) <\/strong><\/li>\n<\/ol>\n<p><strong>Missa da Catequese<\/strong><\/p>\n<p>Matriz &#8211; 15h30<\/p>\n<p><strong>Reuni\u00e3o do Apostolado da Ora\u00e7\u00e3o<\/strong><\/p>\n<p>14h302 \u2013 Casa Paroquial<\/p>\n<p><strong>Ter\u00e7o do Ros\u00e1rio<\/strong><\/p>\n<p>Igreja Sagrada Fam\u00edlia \u2013 16h00<\/p>\n<p>Balteiro \u2013 21h00<\/p>\n<p><strong>Missa Vespertina do XXIX Domingo do Tempo Comum \u2013 Ano C<\/strong><\/p>\n<p>Igreja Sagrada Fam\u00edlia \u2013 19h00<\/p>\n<p><strong>2\u00aa Reuni\u00e3o de Prepara\u00e7\u00e3o para o Sacramento do Crisma em 30.11.2025<\/strong><\/p>\n<p>21h00 \u2013 Centro de Catequese P. Joaquim Faria<\/p>\n<p>&nbsp;<\/p>\n<ol start=\"7\">\n<li><strong>Dia 19.10.2025 (Domingo) \u2013 DIA MUNDIAL DAS MISS\u00d4ES<\/strong><\/li>\n<\/ol>\n<p><strong>Domingo XXIX do Tempo Comum \u2013 Ano C<\/strong><\/p>\n<p>Matriz \u2013 08h00<\/p>\n<p>Balteiro \u2013 09h30<\/p>\n<p><strong><\/strong><strong>Ter\u00e7o do Ros\u00e1rio<\/strong><\/p>\n<p>Balteiro \u2013 21h00<\/p>\n<p><strong>\u00a0<\/strong><\/p>\n<p><strong>NOTA 1:<\/strong><\/p>\n<p><strong>Eucaristias \u00e0 semana:<\/strong><\/p>\n<p>Ter\u00e7a-feira &#8211; 19h00 &#8211; Matriz;<\/p>\n<p>Quarta-feira &#8211; 19h00 &#8211; Balteiro;<\/p>\n<p>Quinta-feira &#8211; 19h00 &#8211; Igreja Sagrada Fam\u00edlia com Exposi\u00e7\u00e3o do Sant\u00edssimo Sacramento<\/p>\n<p>Sexta-feira \u2013 19h00 &#8211; Matriz com Exposi\u00e7\u00e3o do Sant\u00edssimo Sacramento.<\/p>\n<p>&nbsp;<\/p>\n<p><strong>NOTA 2:<\/strong><\/p>\n<p><strong>Hor\u00e1rio de Atendimento do P\u00e1roco:<\/strong><\/p>\n<p><strong>2.1.<\/strong> <strong>Casa Paroquial\/Matriz &#8211; Atendimento<\/strong> <strong>geral e confiss\u00f5es <\/strong><\/p>\n<p>Ter\u00e7a e Sexta-feira das 16h \u00e0s 18h30.<\/p>\n<p>Telem\u00f3vel: 934 575 879 Email: secretariaparoquial@paroquiavilarandorinho.pt<\/p>\n<p>Morada: Casa Paroquial Rua Padre Maia, 55<\/p>\n<p>4430-479 VILAR DE ANDORINHO<\/p>\n<p><strong>2.2. Centros de Celebra\u00e7\u00e3o Eclesial \u2013 Atendimento geral e confiss\u00f5es<\/strong><\/p>\n<p>Quarta-feira \u2013 Balteiro \u2013 Capela da N\u00aa S\u00aa M\u00e3e dos Crist\u00e3os &#8211; 16h00 \u00e0s 18h30.<\/p>\n<p>Quinta-feira \u2013 Vila d\u00b4Este \u2013 Igreja Sagrada Fam\u00edlia \u2013 16h00 \u00e0s 18h30.<\/li>\n<\/ol>\n<p><a href=\"https:\/\/paroquiavilarandorinho.pt\/wp-content\/uploads\/2025\/10\/Dinamica-Paroquial-13.10.2025.pdf\">Din\u00e2mica Paroquial &#8211; 13.10.2025<\/a> (PDF)<\/p>\n","protected":false},"excerpt":{"rendered":"<p>Din\u00e2mica Paroquial<\/p>\n","protected":false},"author":2,"featured_media":0,"comment_status":"closed","ping_status":"closed","sticky":false,"template":"","format":"standard","meta":{"_acf_changed":false,"rs_blank_template":"","rs_page_bg_color":"","slide_template_v7":"","footnotes":""},"categories":[106],"tags":[],"class_list":["post-16066","post","type-post","status-publish","format-standard","hentry","category-dinamica-paroquial"],"acf":[],"_links":{"self":[{"href":"https:\/\/paroquiavilarandorinho.pt\/index.php?rest_route=\/wp\/v2\/posts\/16066","targetHints":{"allow":["GET"]}}],"collection":[{"href":"https:\/\/paroquiavilarandorinho.pt\/index.php?rest_route=\/wp\/v2\/posts"}],"about":[{"href":"https:\/\/paroquiavilarandorinho.pt\/index.php?rest_route=\/wp\/v2\/types\/post"}],"author":[{"embeddable":true,"href":"https:\/\/paroquiavilarandorinho.pt\/index.php?rest_route=\/wp\/v2\/users\/2"}],"replies":[{"embeddable":true,"href":"https:\/\/paroquiavilarandorinho.pt\/index.php?rest_route=%2Fwp%2Fv2%2Fcomments&post=16066"}],"version-history":[{"count":4,"href":"https:\/\/paroquiavilarandorinho.pt\/index.php?rest_route=\/wp\/v2\/posts\/16066\/revisions"}],"predecessor-version":[{"id":16071,"href":"https:\/\/paroquiavilarandorinho.pt\/index.php?rest_route=\/wp\/v2\/posts\/16066\/revisions\/16071"}],"wp:attachment":[{"href":"https:\/\/paroquiavilarandorinho.pt\/index.php?rest_route=%2Fwp%2Fv2%2Fmedia&parent=16066"}],"wp:term":[{"taxonomy":"category","embeddable":true,"href":"https:\/\/paroquiavilarandorinho.pt\/index.php?rest_route=%2Fwp%2Fv2%2Fcategories&post=16066"},{"taxonomy":"post_tag","embeddable":true,"href":"https:\/\/paroquiavilarandorinho.pt\/index.php?rest_route=%2Fwp%2Fv2%2Ftags&post=16066"}],"curies":[{"name":"wp","href":"https:\/\/api.w.org\/{rel}","templated":true}]}}