{"id":16072,"date":"2025-10-09T12:22:41","date_gmt":"2025-10-09T11:22:41","guid":{"rendered":"https:\/\/paroquiavilarandorinho.pt\/?p=16072"},"modified":"2025-10-20T10:41:01","modified_gmt":"2025-10-20T09:41:01","slug":"99o-dia-mundial-das-missoes-19-10-2025","status":"publish","type":"post","link":"https:\/\/paroquiavilarandorinho.pt\/?p=16072","title":{"rendered":"99\u00ba Dia Mundial das Miss\u00f5es &#8211; 19.10.2025"},"content":{"rendered":"<p style=\"text-align: center;\"><img loading=\"lazy\" decoding=\"async\" class=\"aligncenter wp-image-9814 size-full\" src=\"https:\/\/paroquiavilarandorinho.pt\/wp-content\/uploads\/2025\/10\/pope.png\" alt=\"\" width=\"104\" height=\"120\" \/><\/p>\n<p style=\"text-align: center;\"><strong>MENSAGEM DO PAPA FRANCISCO<br \/>\nPARA O\u00a0XCIX DIA MUNDIAL DAS MISS\u00d5ES 2025<\/strong><\/p>\n<p style=\"text-align: center;\">19 de outubro de 2025<\/p>\n<p style=\"text-align: center;\"><strong>Mission\u00e1rios de esperan\u00e7a entre os povos<\/strong><\/p>\n<p style=\"text-align: justify;\"><em>Queridos irm\u00e3os e irm\u00e3s!<\/em><\/p>\n<p style=\"text-align: justify;\">Para o Dia Mundial das Miss\u00f5es deste Ano Jubilar 2025, cuja mensagem central \u00e9 a esperan\u00e7a (cf. Bula<em>\u00a0<a href=\"https:\/\/www.vatican.va\/content\/francesco\/pt\/bulls\/documents\/20240509_spes-non-confundit_bolla-giubileo2025.html\">Spes non confundit<\/a><\/em>, 1), escolhi o lema \u201cMission\u00e1rios de esperan\u00e7a entre os povos\u201d, que recorda a cada um dos crist\u00e3os e a toda a Igreja, comunidade dos batizados, a voca\u00e7\u00e3o fundamental de ser mensageiros e construtores da esperan\u00e7a nas pegadas de Cristo. Fa\u00e7o votos de que seja um tempo de gra\u00e7a para todos, na companhia do Deus fiel que nos regenerou em Cristo ressuscitado \u00abpara uma esperan\u00e7a viva\u00bb (cf.\u00a0<em>1 Pd<\/em>\u00a01, 3-4); e desejo recordar alguns aspetos relevantes da identidade mission\u00e1ria crist\u00e3, para que nos deixemos guiar pelo Esp\u00edrito de Deus e ardamos de santo zelo por uma nova esta\u00e7\u00e3o evangelizadora da Igreja, enviada a reanimar a esperan\u00e7a num mundo sobre o qual pesam sombras tenebrosas (cf. Carta enc.\u00a0<em><a href=\"https:\/\/www.vatican.va\/content\/francesco\/pt\/encyclicals\/documents\/papa-francesco_20201003_enciclica-fratelli-tutti.html#9\">Fratelli tutti<\/a><\/em>, 9-55).<\/p>\n<ol style=\"text-align: justify;\">\n<li><em>Nas pegadas de Cristo, nossa esperan\u00e7a<\/em><\/li>\n<\/ol>\n<p style=\"text-align: justify;\">Celebrando, depois do ano 2000, o primeiro\u00a0<a href=\"https:\/\/www.vatican.va\/content\/iubilaeum2025\/pt.html\">Jubileu<\/a>\u00a0ordin\u00e1rio do Terceiro Mil\u00e9nio, fixemos o nosso olhar em Cristo, que \u00e9 o centro da hist\u00f3ria, \u00abo mesmo ontem, hoje e pelos s\u00e9culos\u00bb (<em>Heb<\/em>\u00a013, 8). Ele, na sinagoga de Nazar\u00e9, declarou o cumprimento da Escritura no \u201choje\u201d da sua presen\u00e7a hist\u00f3rica. Deste modo, revelou-Se como o Enviado do Pai, com a un\u00e7\u00e3o do Esp\u00edrito Santo, a fim de levar a Boa Nova do Reino de Deus e inaugurar \u00abum ano favor\u00e1vel da parte do Senhor\u00bb para toda a humanidade (cf.\u00a0<em>Lc<\/em>\u00a04, 16-21).<\/p>\n<p style=\"text-align: justify;\">Neste m\u00edstico \u201choje\u201d que se prolonga at\u00e9 ao fim do mundo, Cristo \u00e9 o cumprimento da salva\u00e7\u00e3o para todos, especialmente para aqueles cuja \u00fanica esperan\u00e7a \u00e9 Deus. Na sua vida terrena, Ele \u00abandou de lugar em lugar, fazendo o bem e curando todos os que eram oprimidos\u00bb pelo mal e pelo Maligno (cf.\u00a0<em>Act<\/em>\u00a010, 38), restituindo a esperan\u00e7a em Deus aos necessitados e ao povo. Al\u00e9m disso, experimentou cada uma das fragilidades humanas, exceto a do pecado, passando mesmo por momentos cr\u00edticos, como na agonia do Gets\u00e9mani e na cruz, que podiam levar ao desespero. Por\u00e9m, Jesus tudo entregava a Deus Pai, obedecendo com total confian\u00e7a ao seu projeto salv\u00edfico em favor da humanidade, um projeto de paz por um futuro repleto de esperan\u00e7a (cf.\u00a0<em>Jr<\/em>\u00a029, 11). Deste modo, tornou-se o divino Mission\u00e1rio da esperan\u00e7a, modelo supremo de todos aqueles que, ao longo dos s\u00e9culos, d\u00e3o seguimento \u00e0 miss\u00e3o recebida de Deus, mesmo no meio de prova\u00e7\u00f5es extremas.<\/p>\n<p style=\"text-align: justify;\">Atrav\u00e9s dos seus disc\u00edpulos, enviados a todos os povos e acompanhados misticamente por Ele, o Senhor Jesus continua o seu minist\u00e9rio de esperan\u00e7a em favor da humanidade. Ele ainda hoje se inclina sobre cada pobre, aflito, desesperado e oprimido pelo mal, para derramar \u00absobre as suas feridas o \u00f3leo da consola\u00e7\u00e3o e o vinho da esperan\u00e7a\u00bb (<em>Pref\u00e1cio Cristo, Bom Samaritano<\/em>). A Igreja, comunidade dos disc\u00edpulos-mission\u00e1rios de Cristo, obediente ao seu Senhor e Mestre e com o seu esp\u00edrito de servi\u00e7o, prolonga esta miss\u00e3o no meio dos povos, oferecendo a sua vida por todos. Embora tenha de enfrentar, por um lado, persegui\u00e7\u00f5es, tribula\u00e7\u00f5es e dificuldades e, por outro, as suas pr\u00f3prias imperfei\u00e7\u00f5es e quedas devido \u00e0s fraquezas de cada um dos seus membros, ela \u00e9 constantemente impelida pelo amor de Cristo a avan\u00e7ar, unida a Ele, neste caminho mission\u00e1rio e a escutar, como Ele e com Ele, o grito da humanidade, ou melhor, o gemido de toda a criatura que espera a reden\u00e7\u00e3o definitiva. Eis a Igreja que o Senhor chama desde sempre e para sempre a seguir os seus passos: \u00abN\u00e3o uma Igreja est\u00e1tica, mas uma Igreja mission\u00e1ria, que caminha com o Senhor pelas estradas do mundo\u00bb (<a href=\"https:\/\/www.vatican.va\/content\/francesco\/pt\/homilies\/2024\/documents\/20241027-omelia-conclusione-sinodo.html\"><em>Homilia<\/em>\u00a0<em>na Santa Missa por ocasi\u00e3o da conclus\u00e3o<\/em>\u00a0<em>da Assembleia Geral Ordin\u00e1ria do S\u00ednodo dos Bispos<\/em><\/a>, 27 de outubro de 2024).<\/p>\n<p style=\"text-align: justify;\">Por isso, sintamo-nos n\u00f3s tamb\u00e9m inspirados a pormo-nos a caminho, seguindo os passos do Senhor Jesus, para nos tornarmos, com Ele e n\u2019Ele, sinais e mensageiros de esperan\u00e7a para todos, em qualquer lugar e circunst\u00e2ncia que Deus nos concede viver. Que cada um dos batizados, disc\u00edpulos-mission\u00e1rios de Cristo, fa\u00e7a brilhar a Sua esperan\u00e7a em todos os cantos da terra!<\/p>\n<ol style=\"text-align: justify;\" start=\"2\">\n<li><em>Os crist\u00e3os, portadores e construtores de esperan\u00e7a entre os povos<\/em><\/li>\n<\/ol>\n<p style=\"text-align: justify;\">No seguimento de Cristo Senhor, os crist\u00e3os s\u00e3o chamados a transmitir a Boa Nova, partilhando as condi\u00e7\u00f5es concretas de vida daqueles que encontram e tornando-se assim portadores e construtores de esperan\u00e7a. Com efeito, \u00abas alegrias e as esperan\u00e7as, as tristezas e as ang\u00fastias dos homens de hoje, sobretudo dos pobres e de todos aqueles que sofrem, s\u00e3o tamb\u00e9m as alegrias e as esperan\u00e7as, as tristezas e as ang\u00fastias dos disc\u00edpulos de Cristo; e n\u00e3o h\u00e1 realidade alguma verdadeiramente humana que n\u00e3o encontre eco no seu cora\u00e7\u00e3o\u00bb (Conc. Ecum. Vat. II, Const. past.\u00a0<em><a href=\"https:\/\/www.vatican.va\/archive\/hist_councils\/ii_vatican_council\/documents\/vat-ii_const_19651207_gaudium-et-spes_po.html\">Gaudium et spes<\/a><\/em>,<em>\u00a0<\/em>1).<\/p>\n<p style=\"text-align: justify;\">Esta c\u00e9lebre afirma\u00e7\u00e3o do\u00a0<a href=\"https:\/\/www.vatican.va\/archive\/hist_councils\/ii_vatican_council\/index_po.htm\">Conc\u00edlio Vaticano II<\/a>, que exprime o sentir e o estilo das comunidades crist\u00e3s de todas as \u00e9pocas, continua a inspirar os seus membros, ajudando-os a caminhar no mundo com os seus irm\u00e3os e irm\u00e3s. Estou a pensar particularmente em v\u00f3s, mission\u00e1rios e mission\u00e1rias\u00a0<em>ad gentes<\/em>, que, correspondendo \u00e0 chamada divina, partistes rumo a outras na\u00e7\u00f5es para dar a conhecer o amor de Deus em Cristo. De todo o cora\u00e7\u00e3o, muito obrigado! A vossa vida \u00e9 uma resposta concreta ao mandato de Cristo ressuscitado, que enviou os disc\u00edpulos a evangelizar todos os povos (cf.\u00a0<em>Mt<\/em>\u00a028, 18-20). Assim, recordais a voca\u00e7\u00e3o universal dos batizados a ser entre os povos, com a for\u00e7a do Esp\u00edrito e o empenho quotidiano, mission\u00e1rios da grande esperan\u00e7a que nos foi dada pelo Senhor Jesus.<\/p>\n<p style=\"text-align: justify;\">O horizonte desta esperan\u00e7a ultrapassa as realidades passageiras do mundo e abre-se \u00e0s divinas, que j\u00e1 podemos saborear no tempo presente. Efetivamente, como recordava\u00a0<a href=\"https:\/\/www.vatican.va\/content\/paul-vi\/pt.html\">S\u00e3o Paulo VI<\/a>, a salva\u00e7\u00e3o em Cristo, que a Igreja oferece a todos como dom da miseric\u00f3rdia de Deus, n\u00e3o \u00e9 apenas \u00abimanente ao mundo, limitada \u00e0s necessidades materiais ou mesmo espirituais, e [\u2026] em \u00faltima an\u00e1lise, [identificada] com as aspira\u00e7\u00f5es, com as esperan\u00e7as, com as dilig\u00eancias e com os combates temporais; mas sim uma salva\u00e7\u00e3o que ultrapassa todos estes limites, para vir a ter a sua plena realiza\u00e7\u00e3o numa comunh\u00e3o com o \u00fanico Absoluto, que \u00e9 o de Deus: salva\u00e7\u00e3o transcendente e escatol\u00f3gica, que j\u00e1 tem certamente o seu come\u00e7o nesta vida, mas que ter\u00e1 realiza\u00e7\u00e3o completa na eternidade\u00bb (Exort. ap.\u00a0<em><a href=\"https:\/\/www.vatican.va\/content\/paul-vi\/pt\/apost_exhortations\/documents\/hf_p-vi_exh_19751208_evangelii-nuntiandi.html\">Evangelii nuntiandi<\/a><\/em>, 27).<\/p>\n<p style=\"text-align: justify;\">As comunidades crist\u00e3s, animadas por t\u00e3o grande esperan\u00e7a, podem ser sinais de nova humanidade num mundo que, nas regi\u00f5es mais \u201cdesenvolvidas\u201d, apresenta graves sintomas de crise do humano: sensa\u00e7\u00e3o generalizada de desorienta\u00e7\u00e3o, solid\u00e3o e abandono dos idosos, dificuldade em encontrar disponibilidade para ajudar quem vive ao nosso lado. Nas na\u00e7\u00f5es tecnologicamente mais avan\u00e7adas, a proximidade est\u00e1 a extinguir-se: todos nos encontramos interligados, mas n\u00e3o em rela\u00e7\u00e3o. A \u00e2nsia de efici\u00eancia e o apego \u00e0s coisas e \u00e0s ambi\u00e7\u00f5es levam-nos a estar centrados em n\u00f3s pr\u00f3prios e a ser incapazes de altru\u00edsmo. O Evangelho, vivido em comunidade, pode devolver-nos uma humanidade \u00edntegra, saud\u00e1vel e redimida.<\/p>\n<p style=\"text-align: justify;\">Renovo, portanto, o convite a concretizar as a\u00e7\u00f5es indicadas na\u00a0<a href=\"https:\/\/www.vatican.va\/content\/francesco\/pt\/bulls\/documents\/20240509_spes-non-confundit_bolla-giubileo2025.html\"><em>Bula de proclama\u00e7\u00e3o do Jubileu<\/em><\/a>\u00a0(nn. 7-15), com especial aten\u00e7\u00e3o aos mais pobres e fracos, aos doentes, aos idosos, aos exclu\u00eddos da sociedade materialista e consumista. E a faz\u00ea-lo com o estilo de Deus, ou seja, com proximidade, compaix\u00e3o e ternura, cuidando da rela\u00e7\u00e3o pessoal com os irm\u00e3os e irm\u00e3s na situa\u00e7\u00e3o concreta em que se encontram (cf. Exort. ap.\u00a0<em><a href=\"https:\/\/www.vatican.va\/content\/francesco\/pt\/apost_exhortations\/documents\/papa-francesco_esortazione-ap_20131124_evangelii-gaudium.html#De_pessoa_a_pessoa\">Evangelii gaudium<\/a><\/em>, 127-128). Ent\u00e3o, ser\u00e3o eles a ensinar-nos muitas vezes a viver com esperan\u00e7a. E, atrav\u00e9s do contacto pessoal, poderemos transmitir o amor do Cora\u00e7\u00e3o compassivo do Senhor. Experimentaremos que \u00abo Cora\u00e7\u00e3o de Cristo [&#8230;] \u00e9 o n\u00facleo vivo do primeiro an\u00fancio\u00bb (Carta enc.\u00a0<em><a href=\"https:\/\/www.vatican.va\/content\/francesco\/pt\/encyclicals\/documents\/20241024-enciclica-dilexit-nos.html\">Dilexit nos<\/a><\/em>, 32). Com efeito, bebendo desta fonte, \u00e9 poss\u00edvel oferecer com simplicidade a esperan\u00e7a recebida de Deus (cf.\u00a0<em>1 Pd<\/em>\u00a01, 21), levando aos outros a mesma consola\u00e7\u00e3o com que somos consolados por Deus (cf.\u00a0<em>2 Cor<\/em>\u00a01, 3-4). No Cora\u00e7\u00e3o humano e divino de Jesus, Deus quer falar ao cora\u00e7\u00e3o de cada pessoa, atraindo todos ao seu Amor. \u00abFomos enviados para continuar esta miss\u00e3o: ser sinal do Cora\u00e7\u00e3o de Cristo e do amor do Pai, abra\u00e7ando o mundo inteiro\u00bb (<a href=\"https:\/\/www.vatican.va\/content\/francesco\/pt\/speeches\/2023\/june\/documents\/20230603-pom.html\"><em>Discurso aos participantes na Assembleia Geral das Pontif\u00edcias Obras Mission\u00e1rias<\/em><\/a>, 3 de junho de 2023).<\/p>\n<ol style=\"text-align: justify;\" start=\"3\">\n<li><em>Renovar a miss\u00e3o da esperan\u00e7a<\/em><\/li>\n<\/ol>\n<p style=\"text-align: justify;\">Hoje, perante a urg\u00eancia da miss\u00e3o da esperan\u00e7a, os disc\u00edpulos de Cristo s\u00e3o os primeiros convocados a formar-se para serem \u201cartes\u00e3os\u201d de esperan\u00e7a e restauradores de uma humanidade, frequentemente, distra\u00edda e infeliz.<\/p>\n<p style=\"text-align: justify;\">Para isso, \u00e9 necess\u00e1rio renovar em n\u00f3s a espiritualidade pascal, que vivemos em cada celebra\u00e7\u00e3o eucar\u00edstica e especialmente no Tr\u00edduo Pascal, centro e cume do ano lit\u00fargico. Somos batizados na morte e ressurrei\u00e7\u00e3o redentora de Cristo, na P\u00e1scoa do Senhor que marca a eterna primavera da hist\u00f3ria. Somos, pois, \u201cgente de primavera\u201d, com um olhar sempre repleto de esperan\u00e7a, a partilhar com todos, porque em Cristo \u00abacreditamos e sabemos que a morte e o \u00f3dio n\u00e3o s\u00e3o as \u00faltimas palavras\u00bb acerca da exist\u00eancia humana (cf.\u00a0<a href=\"https:\/\/www.vatican.va\/content\/francesco\/pt\/audiences\/2017\/documents\/papa-francesco_20170823_udienza-generale.html\"><em>Catequese<\/em><\/a>, 23 de agosto de 2017). Por isso, do Mist\u00e9rio Pascal, que se realiza nas celebra\u00e7\u00f5es lit\u00fargicas e nos sacramentos, tiramos continuamente a for\u00e7a do Esp\u00edrito Santo, com o zelo, a determina\u00e7\u00e3o e a paci\u00eancia para trabalhar no vasto campo da evangeliza\u00e7\u00e3o do mundo. \u00abCristo ressuscitado e glorioso \u00e9 a fonte profunda da nossa esperan\u00e7a, e n\u00e3o nos faltar\u00e1 a sua ajuda para cumprir a miss\u00e3o que nos confia\u00bb (Exort. ap.\u00a0<em><a href=\"https:\/\/www.vatican.va\/content\/francesco\/pt\/apost_exhortations\/documents\/papa-francesco_esortazione-ap_20131124_evangelii-gaudium.html#A_ac%C3%A7%C3%A3o_misteriosa_do_Ressuscitado_e_do_seu_Esp%C3%ADrito\">Evangelii gaudium<\/a><\/em>, 275). N\u2019Ele vivemos e damos testemunho daquela santa esperan\u00e7a que \u00e9 \u00abum dom e uma tarefa para todo o crist\u00e3o\u00bb (<em>La speranza \u00e8 una luce nella notte<\/em>, Citt\u00e0 del Vaticano 2024, 7).<\/p>\n<p style=\"text-align: justify;\">Os mission\u00e1rios de esperan\u00e7a s\u00e3o homens e mulheres de ora\u00e7\u00e3o, porque \u00aba pessoa que tem esperan\u00e7a \u00e9 uma pessoa que reza\u00bb, como sublinhava o Vener\u00e1vel Cardeal Van Thuan, o qual, gra\u00e7as \u00e0 for\u00e7a que recebia da ora\u00e7\u00e3o perseverante e da Eucaristia, manteve viva a esperan\u00e7a na longa tribula\u00e7\u00e3o da pris\u00e3o (cf. F.X. Nguyen Van Thuan,\u00a0<em>Il cammino della speranza<\/em>, Roma 2001, n. 963). N\u00e3o esque\u00e7amos que a ora\u00e7\u00e3o \u00e9 a primeira a\u00e7\u00e3o mission\u00e1ria e, ao mesmo tempo, \u00aba primeira for\u00e7a da esperan\u00e7a\u00bb (<a href=\"https:\/\/www.vatican.va\/content\/francesco\/pt\/audiences\/2020\/documents\/papa-francesco_20200520_udienza-generale.html\"><em>Catequese<\/em><\/a>, 20 de maio de 2020).<\/p>\n<p style=\"text-align: justify;\">Renovemos, pois, a miss\u00e3o da esperan\u00e7a a partir da ora\u00e7\u00e3o, sobretudo daquela que se faz com a Palavra de Deus e, de modo particular, com os Salmos, que s\u00e3o uma grande sinfonia de ora\u00e7\u00e3o cujo compositor \u00e9 o Esp\u00edrito Santo (cf.\u00a0<a href=\"https:\/\/www.vatican.va\/content\/francesco\/pt\/audiences\/2024\/documents\/20240619-udienza-generale.html\"><em>Catequese<\/em><\/a>, 19 de junho de 2024). Os Salmos educam-nos a ter esperan\u00e7a no meio das adversidades, a distinguir os sinais de esperan\u00e7a e a ter o constante desejo \u201cmission\u00e1rio\u201d de que Deus seja louvado por todos os povos (cf.\u00a0<em>Sal<\/em>\u00a041, 12; 67, 4). Rezando, mantemos viva em n\u00f3s a centelha da esperan\u00e7a, que foi acesa por Deus para que se torne um grande fogo, iluminando e aquecendo todos os que nos rodeiam, tamb\u00e9m atrav\u00e9s de a\u00e7\u00f5es e gestos concretos inspirados pela mesma ora\u00e7\u00e3o.<\/p>\n<p style=\"text-align: justify;\">Por fim, a evangeliza\u00e7\u00e3o \u00e9 sempre um processo comunit\u00e1rio, como o car\u00e1cter da esperan\u00e7a crist\u00e3 (cf. Bento XVI, Carta enc.\u00a0<em><a href=\"https:\/\/www.vatican.va\/content\/benedict-xvi\/pt\/encyclicals\/documents\/hf_ben-xvi_enc_20071130_spe-salvi.html\">Spe Salvi<\/a><\/em>, 14). Este processo n\u00e3o termina com o primeiro an\u00fancio e com o batismo, antes continua com a constru\u00e7\u00e3o de comunidades crist\u00e3s atrav\u00e9s do acompanhamento de cada batizado a caminho nas vias do Evangelho. Na sociedade moderna, a perten\u00e7a \u00e0 Igreja nunca \u00e9 uma realidade adquirida de uma vez para sempre. Por isso, a a\u00e7\u00e3o mission\u00e1ria de transmitir e formar a maturidade da f\u00e9 em Cristo \u00e9 \u00abo paradigma de toda a obra da Igreja\u00bb (Exort. ap.\u00a0<em><a href=\"https:\/\/www.vatican.va\/content\/francesco\/pt\/apost_exhortations\/documents\/papa-francesco_esortazione-ap_20131124_evangelii-gaudium.html#III.%C2%A0A_nova_evangeliza%C3%A7%C3%A3o_para_a_transmiss%C3%A3o_da_f%C3%A9\">Evangelii gaudium<\/a><\/em>, 15), uma obra que exige comunh\u00e3o de ora\u00e7\u00e3o e a\u00e7\u00e3o. Volto a insistir nesta sinodalidade mission\u00e1ria da Igreja, bem como no servi\u00e7o das Pontif\u00edcias Obras Mission\u00e1rias em promover a responsabilidade mission\u00e1ria dos batizados e em apoiar as novas Igrejas particulares. E exorto todos v\u00f3s \u2013 crian\u00e7as, jovens, adultos, idosos \u2013 a participar ativamente na comum miss\u00e3o evangelizadora com o testemunho da vossa vida e ora\u00e7\u00e3o, com os vossos sacrif\u00edcios e a vossa generosidade. Muito obrigado por tudo isto!<\/p>\n<p style=\"text-align: justify;\">Queridos irm\u00e3os e irm\u00e3s, dirijamo-nos a Maria, M\u00e3e de Jesus Cristo, nossa esperan\u00e7a. Para este Jubileu e para os anos futuros, a Ela entregamos o desejo de \u00abque a luz da esperan\u00e7a crist\u00e3 chegue a cada pessoa, como mensagem do amor de Deus dirigida a todos. E que a Igreja seja testemunha fiel deste an\u00fancio em todas as partes do mundo\u00bb (Bula<em>\u00a0<a href=\"https:\/\/www.vatican.va\/content\/francesco\/pt\/bulls\/documents\/20240509_spes-non-confundit_bolla-giubileo2025.html\">Spes non confundit<\/a><\/em>, 6).<\/p>\n<p style=\"text-align: justify;\"><em>Roma \u2013 S\u00e3o Jo\u00e3o de Latr\u00e3o, na Festa da Convers\u00e3o de S\u00e3o Paulo, 25 de janeiro de 2025.<\/em><\/p>\n<p style=\"text-align: justify;\">FRANCISCO<\/p>\n<p>&nbsp;<\/p>\n<p><a href=\"https:\/\/paroquiavilarandorinho.pt\/wp-content\/uploads\/2025\/10\/99o-DIA-MUNDIAL-DAS-MISSOES-19.10.2025.pdf\">99\u00ba DIA MUNDIAL DAS MISS\u00d5ES &#8211; 19.10.2025<\/a> (PDF)<\/p>\n","protected":false},"excerpt":{"rendered":"<p>Para o Dia Mundial das Miss\u00f5es deste Ano Jubilar 2025, cuja mensagem central \u00e9 a esperan\u00e7a  &#8230;<\/p>\n","protected":false},"author":2,"featured_media":16075,"comment_status":"closed","ping_status":"closed","sticky":false,"template":"","format":"standard","meta":{"_acf_changed":false,"rs_blank_template":"","rs_page_bg_color":"","slide_template_v7":"","footnotes":""},"categories":[68],"tags":[],"class_list":["post-16072","post","type-post","status-publish","format-standard","has-post-thumbnail","hentry","category-ultimas"],"acf":[],"_links":{"self":[{"href":"https:\/\/paroquiavilarandorinho.pt\/index.php?rest_route=\/wp\/v2\/posts\/16072","targetHints":{"allow":["GET"]}}],"collection":[{"href":"https:\/\/paroquiavilarandorinho.pt\/index.php?rest_route=\/wp\/v2\/posts"}],"about":[{"href":"https:\/\/paroquiavilarandorinho.pt\/index.php?rest_route=\/wp\/v2\/types\/post"}],"author":[{"embeddable":true,"href":"https:\/\/paroquiavilarandorinho.pt\/index.php?rest_route=\/wp\/v2\/users\/2"}],"replies":[{"embeddable":true,"href":"https:\/\/paroquiavilarandorinho.pt\/index.php?rest_route=%2Fwp%2Fv2%2Fcomments&post=16072"}],"version-history":[{"count":1,"href":"https:\/\/paroquiavilarandorinho.pt\/index.php?rest_route=\/wp\/v2\/posts\/16072\/revisions"}],"predecessor-version":[{"id":16074,"href":"https:\/\/paroquiavilarandorinho.pt\/index.php?rest_route=\/wp\/v2\/posts\/16072\/revisions\/16074"}],"wp:featuredmedia":[{"embeddable":true,"href":"https:\/\/paroquiavilarandorinho.pt\/index.php?rest_route=\/wp\/v2\/media\/16075"}],"wp:attachment":[{"href":"https:\/\/paroquiavilarandorinho.pt\/index.php?rest_route=%2Fwp%2Fv2%2Fmedia&parent=16072"}],"wp:term":[{"taxonomy":"category","embeddable":true,"href":"https:\/\/paroquiavilarandorinho.pt\/index.php?rest_route=%2Fwp%2Fv2%2Fcategories&post=16072"},{"taxonomy":"post_tag","embeddable":true,"href":"https:\/\/paroquiavilarandorinho.pt\/index.php?rest_route=%2Fwp%2Fv2%2Ftags&post=16072"}],"curies":[{"name":"wp","href":"https:\/\/api.w.org\/{rel}","templated":true}]}}