{"id":16099,"date":"2025-10-20T10:25:22","date_gmt":"2025-10-20T09:25:22","guid":{"rendered":"https:\/\/paroquiavilarandorinho.pt\/?p=16099"},"modified":"2025-10-20T14:00:21","modified_gmt":"2025-10-20T13:00:21","slug":"16099","status":"publish","type":"post","link":"https:\/\/paroquiavilarandorinho.pt\/?p=16099","title":{"rendered":"Reanimar a esperan\u00e7a no mundo do trabalho &#8211; 11 outubro 2025"},"content":{"rendered":"<p><strong>Documento de 13 organiza\u00e7\u00f5es cat\u00f3licas<\/strong><\/p>\n<p><strong>Reanimar a Esperan\u00e7a no Mundo do Trabalho \u2014 um compromisso<\/strong><\/p>\n<p><a href=\"https:\/\/setemargens.com\/author\/7margens\/\"><strong>7MARGENS<\/strong><\/a><strong>\u00a0| 18\/10\/2025<\/strong><\/p>\n<p>&nbsp;<\/p>\n<p style=\"text-align: justify;\"><strong><em>\u201cReanimar a Esperan\u00e7a no Mundo do Trabalho \u2013 um compromisso \u00e0 luz da doutrina social da Igreja Cat\u00f3lica\u201d \u00e9 o t\u00edtulo de um documento preparado e subscrito por 13 organiza\u00e7\u00f5es e movimentos cat\u00f3licos, a prop\u00f3sito do jubileu do mundo do trabalho, assinalado em Lisboa no \u00faltimo fim de semana. Pela import\u00e2ncia do documento e representatividade das estruturas que o subscrevem, o\u00a0<\/em><\/strong><strong>7MARGENS<em>\u00a0divulga-o a seguir na \u00edntegra.<\/em><\/strong><\/p>\n<p style=\"text-align: justify;\"><strong>\u00ab<em>Que este ano jubilar seja uma ocasi\u00e3o de reanimar a esperan\u00e7a<\/em>\u00bb \u2014 \u00e9 este o apelo que nos deixou o saudoso Papa Francisco (<em>Spes non confundtit<\/em>\u00a01).<\/strong><\/p>\n<p style=\"text-align: justify;\"><strong>\u00a0<\/strong><\/p>\n<p style=\"text-align: justify;\">\u00c9 \u00e0 luz deste chamamento e desta mensagem central do Jubileu de 2025 que queremos enfrentar hoje o mundo do trabalho, com as mudan\u00e7as profundas a que est\u00e1 sujeito e que se traduzem, designadamente, em novas formas contratuais, uma abertura cada vez maior da economia ao exterior, uma automatiza\u00e7\u00e3o crescente\u00a0<em>e\u00a0<\/em>novos desafios impostos pela Intelig\u00eancia Artificial.<\/p>\n<p style=\"text-align: justify;\">Este olhar de esperan\u00e7a n\u00e3o se baseia num qualquer determinismo passivo, como se essas mudan\u00e7as seguissem um rumo inexor\u00e1vel contra o qual nada podemos fazer. Acreditamos que essas mudan\u00e7as podem, e devem ser orientadas por crit\u00e9rios \u00e9ticos. A esperan\u00e7a vem-nos da f\u00e9 no amor de Deus, que nunca nos abandona, n\u00e3o dispensa o nosso contributo, mas d\u00e1-nos for\u00e7a para nunca desistir, nem baixar os bra\u00e7os diante das maiores dificuldades e do que parece imposs\u00edvel.<\/p>\n<p style=\"text-align: justify;\">Para n\u00f3s, esses crit\u00e9rios \u00e9ticos, s\u00e3o os que decorrem da doutrina social da Igreja, com validade universal e baseados na lei natural. Assim, pretendemos salientar as suas linhas essenciais:<\/p>\n<figure id=\"attachment_16100\" aria-describedby=\"caption-attachment-16100\" style=\"width: 564px\" class=\"wp-caption aligncenter\"><img loading=\"lazy\" decoding=\"async\" class=\"wp-image-16100 size-full\" src=\"https:\/\/paroquiavilarandorinho.pt\/wp-content\/uploads\/2025\/10\/img1.jpg\" alt=\"\" width=\"564\" height=\"296\" srcset=\"https:\/\/paroquiavilarandorinho.pt\/wp-content\/uploads\/2025\/10\/img1.jpg 564w, https:\/\/paroquiavilarandorinho.pt\/wp-content\/uploads\/2025\/10\/img1-300x157.jpg 300w\" sizes=\"auto, (max-width: 564px) 100vw, 564px\" \/><figcaption id=\"caption-attachment-16100\" class=\"wp-caption-text\">O ser humano recebeu o mandato de \u201ccultivar e guardar\u201d a terra. Na imagem, Michelangelo, Cria\u00e7\u00e3o de Ad\u00e3o. Capela Sistina, Vaticano, 1508-1512.<\/figcaption><\/figure>\n<ol>\n<li style=\"text-align: justify;\"><strong>O Trabalho como Express\u00e3o da Dignidade Humana e da Rela\u00e7\u00e3o com o Criador<\/strong><\/li>\n<\/ol>\n<ul style=\"text-align: justify;\">\n<li><strong>Participar na Obra do Criador:<\/strong>\u00a0O trabalho humano \u00e9 mais do que uma atividade econ\u00f3mica. Atrav\u00e9s do trabalho, a pessoa, criada \u00e0 imagem e semelhan\u00e7a de Deus, continua, desenvolve e completa a obra do Criador (<em>Laborem exercens<\/em>\u00a025).<\/li>\n<li><strong>Dom\u00ednio Respons\u00e1vel:<\/strong>\u00a0O ser humano recebeu o mandato de \u201ccultivar e guardar\u201d a terra (<em>G\u00e9nesis<\/em>\u00a02, 15). O mandato de dominar a terra n\u00e3o lhe confere um dom\u00ednio absoluto sobre as outras criaturas. O ser humano pode tomar da bondade da terra aquilo de que necessita para a sua sobreviv\u00eancia, mas tem tamb\u00e9m o dever de a proteger e garantir a continuidade da sua fertilidade para as gera\u00e7\u00f5es futuras (<em>Laudato s\u00ed\u00a0<\/em>67 e n. 124).<\/li>\n<li><strong>Realiza\u00e7\u00e3o Pessoal e Amadurecimento Espiritual:<\/strong>\u00a0Atrav\u00e9s do trabalho, o ser humano realiza-se nas suas m\u00faltiplas dimens\u00f5es, tornando-se \u201cmais pessoa\u201d (<em>Laborem exercens<\/em>, n. 9). O trabalho \u00e9 mais do que uma necessidade, \u00e9 voca\u00e7\u00e3o. A dimens\u00e3o espiritual no trabalho possibilita o amadurecimento e a santifica\u00e7\u00e3o da pessoa (<em>Laudato si\u2019<\/em>\u00a0126).<\/li>\n<li><strong>Primado da Pessoa:<\/strong>\u00a0\u00abO primeiro fundamento do valor do trabalho \u00e9 o pr\u00f3prio homem. (\u2026) O homem est\u00e1 destinado e \u00e9 chamado ao trabalho, contudo antes de mais nada o trabalho \u00e9 \u201cpara o homem\u201d, e n\u00e3o o homem \u201cpara o trabalho\u201d\u00bb\u00a0<em>(Enc. Laborem exercens, 6)<\/em>. Capital, natureza e trabalho devem estar ao servi\u00e7o das pessoas que integram a comunidade que constitui a empresa. A rentabilidade n\u00e3o pode sacrificar a dignidade e os direitos dessas pessoas, que s\u00e3o o patrim\u00f3nio mais precioso de qualquer empresa.<\/li>\n<\/ul>\n<ol style=\"text-align: justify;\">\n<li><strong>A Dimens\u00e3o Social e a Justi\u00e7a no Trabalho<\/strong><\/li>\n<\/ol>\n<ul style=\"text-align: justify;\">\n<li><strong>Trabalho para a Comunidade:<\/strong>\u00a0O trabalho humano possui uma dimens\u00e3o social intr\u00ednseca, que implica trabalhar com os outros e para os outros (<em>Laborem exercens<\/em>, n. 51).<\/li>\n<li><strong>Dignidade Universal do Trabalho:<\/strong>\u00a0A justi\u00e7a de um sistema socioecon\u00f3mico mede-se pela forma como o trabalho \u00e9 justa e equitativamente remunerado (<em>Laborem exercens<\/em>, n. 6 e n. 19).<\/li>\n<\/ul>\n<p style=\"text-align: justify;\">Para al\u00e9m da diferente valoriza\u00e7\u00e3o do trabalho na sua vertente objetiva, que pode justificar diferen\u00e7as salariais, h\u00e1 que considerar a sua vertente subjetiva, enquanto express\u00e3o da dignidade da pessoa que trabalha, vertente que torna igualmente digno qualquer trabalho, mais ou menos qualificado (<em>Laborem exercens<\/em>, n. 6).<\/p>\n<ul style=\"text-align: justify;\">\n<li><strong>Criatividade e Iniciativa:<\/strong>\u00a0O trabalhador n\u00e3o deseja apenas uma justa remunera\u00e7\u00e3o. Deseja ter a oportunidade, no processo de produ\u00e7\u00e3o, de empenhar a sua iniciativa e criatividade, sem se sentir apenas uma parte de uma engrenagem ou um simples instrumento de produ\u00e7\u00e3o (<em>Laborem exercens<\/em>, n. 15).<\/li>\n<li><strong>Pleno Emprego e Combate \u00e0 Pobreza:<\/strong>\u00a0O pleno emprego \u00e9 um objetivo de todo o ordenamento socioecon\u00f3mico orientado para a justi\u00e7a e para o bem comum\u00a0<em>(Comp\u00eandio da Doutrina Social da Igreja, n. 288)<\/em>. O trabalho \u00e9 um bem que deve estar ao alcance de todos os que s\u00e3o capazes de trabalhar.\u00a0<em>(Caritas in veritate n. 32 e Laudato si\u2019 n. 127).<\/em><\/li>\n<\/ul>\n<p style=\"text-align: justify;\">\u00abN\u00e3o h\u00e1 pobreza pior do que a que priva do trabalho e da dignidade do trabalho\u00bb. No combate \u00e0 pobreza, os subs\u00eddios devem ser sempre \u00abum rem\u00e9dio provis\u00f3rio para enfrentar emerg\u00eancias\u00bb, porque o objetivo \u00e9 o de conseguir uma vida digna atrav\u00e9s do trabalho (ter a dignidade de \u00abtrazer o p\u00e3o para casa\u00bb). \u00abNuma sociedade realmente desenvolvida, o trabalho \u00e9 uma dimens\u00e3o essencial da vida social, porque n\u00e3o \u00e9 s\u00f3 um modo de ganhar o p\u00e3o, mas tamb\u00e9m um meio para o crescimento pessoal, para estabelecer rela\u00e7\u00f5es sadias, expressar-se a si pr\u00f3prio, partilhar dons, sentir-se co-respons\u00e1vel do mundo e, finalmente, viver como povo\u00bb (<em>Fratelli tutti<\/em>, n. 162).<\/p>\n<p style=\"text-align: justify;\">As organiza\u00e7\u00f5es sindicais desempenham uma miss\u00e3o em prol da justi\u00e7a, s\u00e3o um fator construtivo de ordem social e de solidariedade e, portanto,\u00a0um elemento importante da vida social (<em>Comp\u00eandio da Doutrina Social da Igreja<\/em>, n. 288).<\/p>\n<ol style=\"text-align: justify;\">\n<li><strong>O Papel da Fam\u00edlia e o Equil\u00edbrio entre Vida Pessoal e Profissional<\/strong><\/li>\n<\/ol>\n<ul style=\"text-align: justify;\">\n<li><strong>Apoio \u00e0 Fam\u00edlia:<\/strong>\u00a0O trabalho torna poss\u00edvel a constitui\u00e7\u00e3o de uma fam\u00edlia, um direito fundamental e uma voca\u00e7\u00e3o da pessoa (<em>Laborem exercens<\/em>, n. 10). As condi\u00e7\u00f5es de trabalho, incluindo a remunera\u00e7\u00e3o e a sua dura\u00e7\u00e3o, devem favorecer a vida familiar, e n\u00e3o penaliz\u00e1-la (<em>Comp\u00eandio da Doutrina Social da Igreja<\/em>, n. 294).<\/li>\n<li><strong>Precariedade e Instabilidade:<\/strong>\u00a0A precariedade laboral generalizada gera instabilidade psicol\u00f3gica e dificulta constitui\u00e7\u00e3o de uma fam\u00edlia aberta \u00e0 vida ou a realiza\u00e7\u00e3o de outros projetos pessoais duradouros\u00a0<em>(Caritas in veritate, n. 25).<\/em><\/li>\n<\/ul>\n<p style=\"text-align: justify;\">A inseguran\u00e7a estrutural gera comportamentos improdutivos e desperd\u00edcio de recursos humanos, onde a criatividade do trabalhador n\u00e3o \u00e9 valorizada. Os custos humanos s\u00e3o sempre tamb\u00e9m custos econ\u00f3micos, e as disfun\u00e7\u00f5es econ\u00f3micas acarretam sempre custos humanos (<em>Caritas in veritate<\/em>, n. 32).<\/p>\n<figure id=\"attachment_16101\" aria-describedby=\"caption-attachment-16101\" style=\"width: 459px\" class=\"wp-caption aligncenter\"><img loading=\"lazy\" decoding=\"async\" class=\"wp-image-16101 size-full\" src=\"https:\/\/paroquiavilarandorinho.pt\/wp-content\/uploads\/2025\/10\/img2.jpg\" alt=\"\" width=\"459\" height=\"326\" srcset=\"https:\/\/paroquiavilarandorinho.pt\/wp-content\/uploads\/2025\/10\/img2.jpg 459w, https:\/\/paroquiavilarandorinho.pt\/wp-content\/uploads\/2025\/10\/img2-300x213.jpg 300w\" sizes=\"auto, (max-width: 459px) 100vw, 459px\" \/><figcaption id=\"caption-attachment-16101\" class=\"wp-caption-text\">O trabalho infantil era uma marca da revolu\u00e7\u00e3o industrial. Hoje \u00e9 inconceb\u00edvel, como \u00e9 trabalhar sem descanso, tirando tempo \u00e0 fam\u00edlia. Foto: Direitos reservados<\/figcaption><\/figure>\n<ul>\n<li style=\"text-align: justify;\"><strong>O Valor do Descanso:<\/strong>\u00a0Assim como Deus repousou ao s\u00e9timo dia (<em>G\u00e9nesis<\/em>, 2,2), tamb\u00e9m a pessoa, criada \u00e0 Sua imagem, deve gozar de suficiente repouso e tempo livre que lhe permita cuidar da vida pessoal, familiar, religiosa, social e cultural. Para tal, deve, antes de mais, ser respeitado o domingo como dia de descanso comum (<em>Comp\u00eandio da Doutrina Social da Igreja<\/em>, n. 284).<\/li>\n<\/ul>\n<ol style=\"text-align: justify;\">\n<li><strong>Responsabilidade Partilhada e Orienta\u00e7\u00e3o \u00c9tica das Mudan\u00e7as<\/strong><\/li>\n<\/ol>\n<ul style=\"text-align: justify;\">\n<li><strong>Empres\u00e1rios e trabalhadores:<\/strong>\u00a0A iniciativa econ\u00f3mica \u00e9 express\u00e3o da intelig\u00eancia humana e da exig\u00eancia de responder \u00e0s necessidades das pessoas de modo criativo e colaborativo (<em>Comp\u00eandio da Doutrina Social da Igreja<\/em>, n. 343). A cria\u00e7\u00e3o e manuten\u00e7\u00e3o de postos de trabalho \u00e9 uma forma de concretizar a fun\u00e7\u00e3o social da propriedade privada e o destino universal dos bens (<em>Centesimus annus<\/em>, n. 43). A atividade empresarial orientada para produzir riqueza e melhorar o mundo \u00e9 uma forma fecunda de promover o bem comum (<em>Laudato si\u2019<\/em>\u00a0129).<\/li>\n<\/ul>\n<p style=\"text-align: justify;\">Nas grandes decis\u00f5es estrat\u00e9gicas e financeiras, os empres\u00e1rios n\u00e3o podem seguir apenas crit\u00e9rios de natureza financeira ou comercial, esquecendo a dignidade humana dos trabalhadores, Renunciar ao investimento nas pessoas para se obter maior receita imediata acaba por se revelar como uma m\u00e1 op\u00e7\u00e3o para a sociedade (<em>Laudato si\u2019<\/em>\u00a0n. 128).<\/p>\n<p style=\"text-align: justify;\">Por sua vez o trabalhador deve desempenhar as suas fun\u00e7\u00f5es com dedica\u00e7\u00e3o, compet\u00eancia t\u00e9cnica e responsabilidade, vendo o trabalho n\u00e3o s\u00f3 como meio de sustento, mas tamb\u00e9m como realiza\u00e7\u00e3o pessoal e contribui\u00e7\u00e3o ao bem comum. (<em>Comp\u00eandio da Doutrina Social da Igreja<\/em>, n. 287-288). O compromisso de trabalhar n\u00e3o deve ser entendido apenas como um contrato formal, mas como uma coopera\u00e7\u00e3o solid\u00e1ria em vista do bem comum.<\/p>\n<ul style=\"text-align: justify;\">\n<li><strong>O Erro do Determinismo:<\/strong>\u00a0Diante de todas as inova\u00e7\u00f5es e transforma\u00e7\u00f5es do mundo do trabalho ditadas pela tecnologia, h\u00e1 que evitar o erro do determinismo. As transforma\u00e7\u00f5es no mundo do trabalho devem ser orientadas de modo que sirvam para o desenvolvimento da pessoa, da fam\u00edlia, das sociedades e de toda a humanidade (<em>Comp\u00eandio da Doutrina Social da Igreja<\/em>, n. 377).<\/li>\n<\/ul>\n<p style=\"text-align: justify;\">Estes princ\u00edpios s\u00e3o sempre atuais, mesmo quando parecem contrariar o pensamento dominante (e isso acontece hoje). O Papa Le\u00e3o XIV j\u00e1 v\u00e1rias vezes demonstrou o seu prop\u00f3sito de promover a sua atua\u00e7\u00e3o com renovado vigor.<\/p>\n<p style=\"text-align: justify;\">P\u00f4r em pr\u00e1tica estes princ\u00edpios diante das mudan\u00e7as com que se depara hoje o mundo do trabalho \u00e9 uma responsabilidade para todos, e cada um de n\u00f3s que, de diferentes formas, queremos testemu- nhar a Boa Nova de Jesus Cristo neste mundo. Estas mudan\u00e7as t\u00eam de servir o desenvolvimento da pessoa, da fam\u00edlia e de toda a humanidade.<\/p>\n<p style=\"text-align: justify;\">Como afirmou o Patriarca de Lisboa no in\u00edcio do caminho do Jubileu 2025, a Igreja \u00e9 chamada a ser \u201ctestemunha e arauto da esperan\u00e7a\u201d, sobretudo numa sociedade marcada pela pobreza e solid\u00e3o. Essa miss\u00e3o n\u00e3o \u00e9 exclusiva dos cl\u00e9rigos: \u00e9 tarefa dos leigos, que vivem no cora\u00e7\u00e3o das realidades temporais, que devem traduzir a esperan\u00e7a crist\u00e3 em pr\u00e1ticas concretas de solidariedade, justi\u00e7a e servi\u00e7o (cf. Patriarcado de Lisboa, Jubileu 2025).<\/p>\n<p style=\"text-align: justify;\">Este \u00e9 um compromisso que queremos assumir. \u00c9 deste modo que queremos reanimar hoje a esperan\u00e7a no mundo do trabalho.<\/p>\n<p style=\"text-align: justify;\"><strong><em>Lisboa, 11 de outubro de 2025<\/em><\/strong><\/p>\n<p style=\"text-align: justify;\"><strong>A\u00e7\u00e3o Cat\u00f3lica dos Meios Independentes \u2013 ACI<br \/>\nA\u00e7\u00e3o Cat\u00f3lica Rural \u2013 ACR<br \/>\nAssocia\u00e7\u00e3o Cat\u00f3lica de Enfermeiros e Profissionais de Sa\u00fade \u2013 ACEPS<br \/>\nAssocia\u00e7\u00e3o Crist\u00e3 de Empres\u00e1rios e Gestores \u2013 ACEGE<br \/>\nAssocia\u00e7\u00e3o de Farmac\u00eauticos Cat\u00f3licos \u2013 AFC<br \/>\nAssocia\u00e7\u00e3o de Juristas Cat\u00f3licos \u2013 AJC<br \/>\nAssocia\u00e7\u00e3o dos M\u00e9dicos Cat\u00f3licos Portugueses- AMCP<br \/>\nC\u00e1ritas Diocesana de Lisboa<br \/>\nComiss\u00e3o Nacional Justi\u00e7a e Paz \u2013 CNJP<br \/>\nCompanhia das Obras \u2013 CdO<br \/>\nLiga Oper\u00e1ria Cat\u00f3lica \u2013 Movimento de Trabalhadores Crist\u00e3os \u2013 LOC\/MTC<br \/>\nJuventude Oper\u00e1ria Cat\u00f3lica \u2013 JOC<br \/>\nMETANOIA \u2013 Movimento Cat\u00f3lico de Profissionais<\/strong><\/p>\n<p><strong>\u00a0<\/strong><\/p>\n<p><a href=\"https:\/\/paroquiavilarandorinho.pt\/wp-content\/uploads\/2025\/10\/Reanimar-a-esperanca-no-mundo-do-trabalho-11-outubro-2025.pdf\">Reanimar a esperan\u00e7a no mundo do trabalho &#8211; 11 outubro 2025<\/a> (PDF)<\/p>\n","protected":false},"excerpt":{"rendered":"<p>\u201cReanimar a Esperan\u00e7a no Mundo do Trabalho \u2013 um compromisso \u00e0 luz da doutrina social da Igreja Cat\u00f3lica\u201d \u00e9 o t\u00edtulo de um documento preparado &#8230;<\/p>\n","protected":false},"author":2,"featured_media":16102,"comment_status":"closed","ping_status":"closed","sticky":false,"template":"","format":"standard","meta":{"_acf_changed":false,"rs_blank_template":"","rs_page_bg_color":"","slide_template_v7":"","footnotes":""},"categories":[68],"tags":[],"class_list":["post-16099","post","type-post","status-publish","format-standard","has-post-thumbnail","hentry","category-ultimas"],"acf":[],"_links":{"self":[{"href":"https:\/\/paroquiavilarandorinho.pt\/index.php?rest_route=\/wp\/v2\/posts\/16099","targetHints":{"allow":["GET"]}}],"collection":[{"href":"https:\/\/paroquiavilarandorinho.pt\/index.php?rest_route=\/wp\/v2\/posts"}],"about":[{"href":"https:\/\/paroquiavilarandorinho.pt\/index.php?rest_route=\/wp\/v2\/types\/post"}],"author":[{"embeddable":true,"href":"https:\/\/paroquiavilarandorinho.pt\/index.php?rest_route=\/wp\/v2\/users\/2"}],"replies":[{"embeddable":true,"href":"https:\/\/paroquiavilarandorinho.pt\/index.php?rest_route=%2Fwp%2Fv2%2Fcomments&post=16099"}],"version-history":[{"count":3,"href":"https:\/\/paroquiavilarandorinho.pt\/index.php?rest_route=\/wp\/v2\/posts\/16099\/revisions"}],"predecessor-version":[{"id":16117,"href":"https:\/\/paroquiavilarandorinho.pt\/index.php?rest_route=\/wp\/v2\/posts\/16099\/revisions\/16117"}],"wp:featuredmedia":[{"embeddable":true,"href":"https:\/\/paroquiavilarandorinho.pt\/index.php?rest_route=\/wp\/v2\/media\/16102"}],"wp:attachment":[{"href":"https:\/\/paroquiavilarandorinho.pt\/index.php?rest_route=%2Fwp%2Fv2%2Fmedia&parent=16099"}],"wp:term":[{"taxonomy":"category","embeddable":true,"href":"https:\/\/paroquiavilarandorinho.pt\/index.php?rest_route=%2Fwp%2Fv2%2Fcategories&post=16099"},{"taxonomy":"post_tag","embeddable":true,"href":"https:\/\/paroquiavilarandorinho.pt\/index.php?rest_route=%2Fwp%2Fv2%2Ftags&post=16099"}],"curies":[{"name":"wp","href":"https:\/\/api.w.org\/{rel}","templated":true}]}}