{"id":16319,"date":"2025-11-24T12:52:24","date_gmt":"2025-11-24T12:52:24","guid":{"rendered":"https:\/\/paroquiavilarandorinho.pt\/?p=16319"},"modified":"2026-01-12T14:05:30","modified_gmt":"2026-01-12T14:05:30","slug":"do-advento-ao-batismo-do-senhor-ano-a-diocese-do-porto","status":"publish","type":"post","link":"https:\/\/paroquiavilarandorinho.pt\/?p=16319","title":{"rendered":"Do Advento ao Batismo do Senhor &#8211; Ano A &#8211; Diocese do Porto"},"content":{"rendered":"<p style=\"text-align: justify;\"><strong><em>Todos esperam por Ti! Abre-nos caminhos de esperan\u00e7a!<\/em><\/strong><\/p>\n<p style=\"text-align: justify;\"><strong>Caminhada diocesana do Advento de 2025 \u00e0 Festa do Batismo do Senhor<\/strong>\u00a0<strong>2026<\/strong><\/p>\n<p style=\"text-align: justify;\">A Equipa de Apoio \u00e0 Coordena\u00e7\u00e3o Diocesana da Pastoral prop\u00f5e uma caminhada diocesana do Advento de 2025 \u00e0 Festa do Batismo do Senhor 2026, sob o lema \u00ab<strong>Todos esperam por Ti! Abre-nos caminhos de esperan\u00e7a!<\/strong>\u00bb. Percebe-se, pelo lema, que o esp\u00edrito desta caminhada est\u00e1 em conson\u00e2ncia com o Plano Diocesano de Pastoral 2025-2028, procurando manter viva a tem\u00e1tica jubilar da esperan\u00e7a e deixando espa\u00e7o para iniciar, avivar e refor\u00e7ar a pr\u00e1tica da sinodalidade, na sele\u00e7\u00e3o e aplica\u00e7\u00e3o das propostas pastorais.<\/p>\n<p style=\"text-align: justify;\">\u00c9 propositada a inten\u00e7\u00e3o de n\u00e3o propor sugest\u00f5es demasiado precisas, em termos de calendariza\u00e7\u00e3o e quanto ao modo de as realizar, pedindo-se antes que as pessoas, em grupo reunido para a programa\u00e7\u00e3o destes tempos, ou no \u00e2mbito do Conselho Paroquial de Pastoral ou de outra inst\u00e2ncia de corresponsabilidade, elaborem o seu pr\u00f3prio programa pastoral, para um Natal\u00a0em modo sinodal. As propostas s\u00e3o, portanto, apresentadas de forma aberta, para suscitar um trabalho de leitura e estudo em grupo, de escuta rec\u00edproca, de di\u00e1logo e aprecia\u00e7\u00e3o, de discernimento das escolhas a fazer, nomeadamente do(s) caminho(s) de esperan\u00e7a a abrir em cada realidade ou comunidade eclesial.<\/p>\n<p style=\"text-align: justify;\">A imagem de marca \u00e9 a do Pres\u00e9pio, como \u00abCasa do Caminho\u00bb. A coloca\u00e7\u00e3o do Pres\u00e9pio, na Igreja ou em casa, poderia mudar de lugar, de forma a dar a ideia de que o Pres\u00e9pio fica no Caminho e a caminho. S\u00e3o sugeridos alguns t\u00f3picos de inspira\u00e7\u00e3o, para a celebra\u00e7\u00e3o cada Domingo, Festa ou Solenidade.<\/p>\n<p style=\"text-align: justify;\">Em Ap\u00eandice ao livreto da caminhada, \u00e9 partilhado um roteiro mais desenvolvido, para abrir caminhos de esperan\u00e7a, inspirados na Liturgia, e oferecendo algumas pistas de reflex\u00e3o, quer em torno da tem\u00e1tica da esperan\u00e7a, quer \u00e0 volta da sinodalidade, como mentalidade e pr\u00e1tica pastoral. Os textos em Ap\u00eandice cont\u00eam excertos de v\u00e1rios documentos do Magist\u00e9rio da Igreja e do nosso Bispo Diocesano, do nosso Plano Diocesano de Pastoral 2025-2028 e do Documento Final dos Bispos sobre a sinodalidade.<\/p>\n<p style=\"text-align: justify;\">N\u00f3s s\u00f3 quisemos oferecer um ponto de partida, para caminharmos juntos, com este Deus que desceu dos altos c\u00e9us para Se tornar peregrino no meio de n\u00f3s. Se esperamos tanto por Ele, tamb\u00e9m \u00e9 verdade que Ele espera por n\u00f3s. P\u00e9s ao caminho!<\/p>\n<p style=\"text-align: justify;\"><em>Equipa de Apoio \u00e0 Coordena\u00e7\u00e3o Diocesana da Pastoral<\/em><\/p>\n<p style=\"text-align: justify;\"><strong>Recursos:<\/strong><\/p>\n<ol style=\"text-align: justify;\">\n<li><a href=\"https:\/\/www.diocese-porto.pt\/media\/4534\/1_caminhada-diocesana_advento_natal_2025_2026_vers%C3%A3o-final_3_11_2025.docx\">Caminhada diocesana do Advento 2025 ao Batismo do Senhor 2026 (.docx)<\/a>;<\/li>\n<li><a href=\"https:\/\/www.diocese-porto.pt\/media\/4535\/2_caminhada_diocesana-do-advento_25_batismo_26_edi%C3%A7%C3%A3o_gr%C3%A1fica.pdf\">Caminhada diocesana do Advento 2025 ao Batismo do Senhor 2026 \u2013 vers\u00e3o gr\u00e1fica (.pdf)<\/a>;<\/li>\n<li><a href=\"https:\/\/www.diocese-porto.pt\/media\/4536\/3-ap%C3%AAndice_caminhada_diocesana-do-advento_25_batismo_26.docx\">Ap\u00eandice: Roteiro de Reflex\u00e3o para a Caminhada diocesana do Advento 2025 ao Batismo do Senhor 2026 (.docx)<\/a>;<\/li>\n<li><a href=\"https:\/\/www.diocese-porto.pt\/media\/4537\/4-ap%C3%AAndice_caminhada_diocesana-do-advento_25_batismo_26_edi%C3%A7%C3%A3o-gr%C3%A1fica.pdf\">Ap\u00eandice: Roteiro de Reflex\u00e3o para a Caminhada diocesana do Advento 2025 ao Batismo do Senhor 2026 &#8211; vers\u00e3o gr\u00e1fica (.pdf)<\/a>;<\/li>\n<li><a href=\"https:\/\/www.diocese-porto.pt\/media\/4538\/5-pasta-zipada_logotipos_formato_png.zip\">Log\u00f3tipos em formato png (.zip)<\/a>;<\/li>\n<li><a href=\"https:\/\/www.diocese-porto.pt\/media\/4539\/6-pasta-zipada_logotipos_formato_vetorial.zip\">Log\u00f3tipos em formato vetorial (.zip)<\/a>;<\/li>\n<li><a href=\"https:\/\/www.diocese-porto.pt\/media\/4540\/7-manual_indica%C3%A7%C3%B5es_cores.pdf\">Manual para consulta das cores usadas (.pdf)<\/a>.<\/li>\n<\/ol>\n<p>&nbsp;<\/p>\n<p><a href=\"https:\/\/paroquiavilarandorinho.pt\/wp-content\/uploads\/2025\/11\/Do-Advento-ao-Batismo-do-Senhor-Ano-A-Diocese-do-Porto.pdf\">Do Advento ao Batismo do Senhor &#8211; Ano A &#8211; Diocese do Porto<\/a> (PDF)<\/p>\n","protected":false},"excerpt":{"rendered":"<p>A Equipa de Apoio \u00e0 Coordena\u00e7\u00e3o Diocesana da Pastoral prop\u00f5e uma caminhada diocesana do Advento 2025 &#8230;<\/p>\n","protected":false},"author":2,"featured_media":16320,"comment_status":"closed","ping_status":"closed","sticky":false,"template":"","format":"standard","meta":{"_acf_changed":false,"rs_blank_template":"","rs_page_bg_color":"","slide_template_v7":"","footnotes":""},"categories":[116],"tags":[],"class_list":["post-16319","post","type-post","status-publish","format-standard","has-post-thumbnail","hentry","category-ano-pastoral-diocese-2025-2026"],"acf":[],"_links":{"self":[{"href":"https:\/\/paroquiavilarandorinho.pt\/index.php?rest_route=\/wp\/v2\/posts\/16319","targetHints":{"allow":["GET"]}}],"collection":[{"href":"https:\/\/paroquiavilarandorinho.pt\/index.php?rest_route=\/wp\/v2\/posts"}],"about":[{"href":"https:\/\/paroquiavilarandorinho.pt\/index.php?rest_route=\/wp\/v2\/types\/post"}],"author":[{"embeddable":true,"href":"https:\/\/paroquiavilarandorinho.pt\/index.php?rest_route=\/wp\/v2\/users\/2"}],"replies":[{"embeddable":true,"href":"https:\/\/paroquiavilarandorinho.pt\/index.php?rest_route=%2Fwp%2Fv2%2Fcomments&post=16319"}],"version-history":[{"count":2,"href":"https:\/\/paroquiavilarandorinho.pt\/index.php?rest_route=\/wp\/v2\/posts\/16319\/revisions"}],"predecessor-version":[{"id":16543,"href":"https:\/\/paroquiavilarandorinho.pt\/index.php?rest_route=\/wp\/v2\/posts\/16319\/revisions\/16543"}],"wp:featuredmedia":[{"embeddable":true,"href":"https:\/\/paroquiavilarandorinho.pt\/index.php?rest_route=\/wp\/v2\/media\/16320"}],"wp:attachment":[{"href":"https:\/\/paroquiavilarandorinho.pt\/index.php?rest_route=%2Fwp%2Fv2%2Fmedia&parent=16319"}],"wp:term":[{"taxonomy":"category","embeddable":true,"href":"https:\/\/paroquiavilarandorinho.pt\/index.php?rest_route=%2Fwp%2Fv2%2Fcategories&post=16319"},{"taxonomy":"post_tag","embeddable":true,"href":"https:\/\/paroquiavilarandorinho.pt\/index.php?rest_route=%2Fwp%2Fv2%2Ftags&post=16319"}],"curies":[{"name":"wp","href":"https:\/\/api.w.org\/{rel}","templated":true}]}}