{"id":16470,"date":"2025-12-22T11:21:41","date_gmt":"2025-12-22T11:21:41","guid":{"rendered":"https:\/\/paroquiavilarandorinho.pt\/?p=16470"},"modified":"2025-12-22T11:21:41","modified_gmt":"2025-12-22T11:21:41","slug":"bispo-do-porto-mensagem-de-natal","status":"publish","type":"post","link":"https:\/\/paroquiavilarandorinho.pt\/?p=16470","title":{"rendered":"Bispo do Porto  &#8211; Mensagem de Natal"},"content":{"rendered":"<p style=\"text-align: justify;\"><strong>A\u00a0revolu\u00e7\u00e3o da\u00a0ternura de Deus<\/strong><\/p>\n<p style=\"text-align: justify;\">\u200bH\u00e1 dias, um casal amigo, a cujo matrim\u00f3nio havia assistido, veio apresentar-me o Jo\u00e3ozinho, o seu primeiro rebento. Que ternura! Olhinhos muito abertos, boca quase a esbo\u00e7ar um sorriso, m\u00e3os que agarravam os dedos das outras pessoas. Os pais embebidos, com um sorriso cheio de felicidade. E eu n\u00e3o resisti e pedi \u00e0 m\u00e3e autoriza\u00e7\u00e3o para o segurar ao meu colo durante alguns segundos.<\/p>\n<p style=\"text-align: justify;\">\u200bO que mais me chamou a aten\u00e7\u00e3o foi o quadro gerado por estas tr\u00eas personagens: uma m\u00e3e a segur\u00e1-lo com\u00a0um\u00a0bra\u00e7o e a fazer festinhas com a\u00a0outra\u00a0m\u00e3o e um pai estrategicamente colocado ao lado da esposa e atr\u00e1s do filho, como sua retaguarda e seguran\u00e7a. Parecia-me mesmo uma imagem viva daquilo que nos aparece\u00a0nos postais de boas festas: a Senhora com o Menino e S\u00e3o Jos\u00e9 absorto neste mist\u00e9rio de vida e de ternura. Neste caso, eu seria um pobre Pastor\u2026<\/p>\n<p style=\"text-align: justify;\">\u200bDe facto, o Natal \u00e9 Encarna\u00e7\u00e3o, \u00e9 revela\u00e7\u00e3o do amor salv\u00edfico do Pai, \u00e9 o Mist\u00e9rio de Deus a fazer caminho connosco na hist\u00f3ria, \u00e9 presen\u00e7a do Esp\u00edrito que transforma a face da terra, etc.\u00a0\u00c9 tudo isso, mas que n\u00f3s podemos sintetizar numa \u00fanica express\u00e3o: \u00e9 a ternura de Deus! Por isso, deixamo-nos cativar pela nova linguagem do pres\u00e9pio; somos atra\u00eddos por aquele clima buc\u00f3lico de animais, pastores, lavadeiras, padeiros; tornamo-nos crian\u00e7as perante cenas que nos falam de harmonia e ternura. Tornamo-nos crian\u00e7as\u2026 porque perdemos a ternura das crian\u00e7as. E sem ternura, n\u00e3o vamos l\u00e1.<\/p>\n<p style=\"text-align: justify;\">\u200bUrge recuperar a ternura. Sem ternura, a inf\u00e2ncia seria nascer\u00a0sem gra\u00e7a; as brincadeiras de crian\u00e7a, competi\u00e7\u00f5es de guerra; os sonhos da adolesc\u00eancia,\u00a0um treino para\u00a0a luta contra\u00a0o mundo; os namoros juvenis, dom\u00ednio e posse; a fam\u00edlia, um calv\u00e1rio\u00a0de viol\u00eancia; a empresa, uma luta de classes; o minist\u00e9rio sacerdotal, uma fun\u00e7\u00e3o de sobas;\u00a0as redes sociais, uma metralhadora \u00ablegal\u00bb; a sociedade, um barril de p\u00f3lvora; a coopera\u00e7\u00e3o internacional, uma miragem; a rela\u00e7\u00e3o entre as na\u00e7\u00f5es, o exerc\u00edcio da lei da selva; a guerra, particularmente a at\u00f3mica, um terror bem por cima da nossa cabe\u00e7a.<\/p>\n<p style=\"text-align: justify;\">\u200bAcredito, pois, que as pessoas, o mundo e as suas institui\u00e7\u00f5es s\u00f3 t\u00eam uma op\u00e7\u00e3o: ou a ternura do encontro pessoal, tornada vis\u00edvel num jovem casal e no seu primeiro filho, ou o efeito bola de neve da desafei\u00e7\u00e3o e do ressentimento que come\u00e7a pequena, mas vai aumentando cada vez mais a ponto de levar tudo na frente. Sem pessimismos doentios, creio que o mundo est\u00e1 a escolher preferentemente esta segunda via.<\/p>\n<p style=\"text-align: justify;\">\u200bEste Natal de 2025, ap\u00f3s um\u00a0belo ano de jubileu, pode constituir o momento para uma sensata tomada de consci\u00eancia. Na sinal\u00e9tica da vida, pode ser a altura prop\u00edcia para olhar em frente e\u00a0descobrir\u00a0os sinais que nos indicam a verdadeira via a ser seguida. E isto a come\u00e7ar por aquelas realidades\u00a0nas quais\u00a0podemos intervir: nas\u00a0rela\u00e7\u00f5es pessoais com quem conhecemos, no interior da fam\u00edlia, no mundo do trabalho, no c\u00edrculo das rela\u00e7\u00f5es, na vida da Igreja. Se imaginarmos que vamos\u00a0interferir\u00a0ao n\u00edvel das superpot\u00eancias que podem fazer a paz e a guerra e esquecermos\u00a0o pequeno c\u00edrculo\u00a0onde nos movemos, estamos muito enganados e alienados. Mas se o mundo intentar a modifica\u00e7\u00e3o a partir das realidades simples, essa forma de viver atingir\u00e1 todos os \u00e2mbitos, mesmo aqueles que parecem ultrapassar-nos.<\/p>\n<p style=\"text-align: justify;\">\u200bA revolu\u00e7\u00e3o da ternura \u00e9 poss\u00edvel e necess\u00e1ria. E ela modifica tudo. Deus j\u00e1 nos deu o exemplo e o est\u00edmulo. N\u00f3s \u00e9 que lhe fechamos os olhos e os ouvidos. Abramo-los neste Natal! Para nosso pr\u00f3prio bem.<\/p>\n<p style=\"text-align: justify;\">\u200bPara todos, um Natal de ternura. Boas festas naquele Menino que \u00e9 o pr\u00f3prio sorriso de Deus no mundo. Desejo-as\u00a0aos diocesanos do Porto, ao seu Clero, Religiosos e Leigos, e a todas as mulheres e homens de boa vontade, mesmo que de outras cren\u00e7as ou de nenhuma. Desejo-as\u00a0particularmente a quem mais necessita de ternura, tal como as crian\u00e7as, os pobres,\u00a0os velhinhos, os migrantes, os abandonados e os s\u00f3s.<\/p>\n<p style=\"text-align: justify;\">\n<p style=\"text-align: justify;\">\u200bFeliz\u00a0Natal de ternura!<\/p>\n<p style=\"text-align: justify;\">\n<p style=\"text-align: justify;\"><strong>+ Manuel Linda <\/strong><\/p>\n<p style=\"text-align: justify;\"><em>Bispo do Porto<\/em><\/p>\n<p>&nbsp;<\/p>\n<p style=\"text-align: justify;\"><a href=\"https:\/\/paroquiavilarandorinho.pt\/wp-content\/uploads\/2025\/12\/Bispo-do-Porto-Mensagem-de-Natal-1.pdf\">Bispo do Porto &#8211; Mensagem de Natal<\/a> (PDF)<\/p>\n","protected":false},"excerpt":{"rendered":"<p>\u200bH\u00e1 dias, um casal amigo, a cujo matrim\u00f3nio havia assistido, veio apresentar-me o Jo\u00e3ozinho, o seu primeiro rebento. Que ternura! &#8230;<\/p>\n","protected":false},"author":2,"featured_media":16471,"comment_status":"closed","ping_status":"closed","sticky":false,"template":"","format":"standard","meta":{"_acf_changed":false,"rs_blank_template":"","rs_page_bg_color":"","slide_template_v7":"","footnotes":""},"categories":[68],"tags":[],"class_list":["post-16470","post","type-post","status-publish","format-standard","has-post-thumbnail","hentry","category-ultimas"],"acf":[],"_links":{"self":[{"href":"https:\/\/paroquiavilarandorinho.pt\/index.php?rest_route=\/wp\/v2\/posts\/16470","targetHints":{"allow":["GET"]}}],"collection":[{"href":"https:\/\/paroquiavilarandorinho.pt\/index.php?rest_route=\/wp\/v2\/posts"}],"about":[{"href":"https:\/\/paroquiavilarandorinho.pt\/index.php?rest_route=\/wp\/v2\/types\/post"}],"author":[{"embeddable":true,"href":"https:\/\/paroquiavilarandorinho.pt\/index.php?rest_route=\/wp\/v2\/users\/2"}],"replies":[{"embeddable":true,"href":"https:\/\/paroquiavilarandorinho.pt\/index.php?rest_route=%2Fwp%2Fv2%2Fcomments&post=16470"}],"version-history":[{"count":1,"href":"https:\/\/paroquiavilarandorinho.pt\/index.php?rest_route=\/wp\/v2\/posts\/16470\/revisions"}],"predecessor-version":[{"id":16473,"href":"https:\/\/paroquiavilarandorinho.pt\/index.php?rest_route=\/wp\/v2\/posts\/16470\/revisions\/16473"}],"wp:featuredmedia":[{"embeddable":true,"href":"https:\/\/paroquiavilarandorinho.pt\/index.php?rest_route=\/wp\/v2\/media\/16471"}],"wp:attachment":[{"href":"https:\/\/paroquiavilarandorinho.pt\/index.php?rest_route=%2Fwp%2Fv2%2Fmedia&parent=16470"}],"wp:term":[{"taxonomy":"category","embeddable":true,"href":"https:\/\/paroquiavilarandorinho.pt\/index.php?rest_route=%2Fwp%2Fv2%2Fcategories&post=16470"},{"taxonomy":"post_tag","embeddable":true,"href":"https:\/\/paroquiavilarandorinho.pt\/index.php?rest_route=%2Fwp%2Fv2%2Ftags&post=16470"}],"curies":[{"name":"wp","href":"https:\/\/api.w.org\/{rel}","templated":true}]}}