{"id":16474,"date":"2025-12-22T14:22:00","date_gmt":"2025-12-22T14:22:00","guid":{"rendered":"https:\/\/paroquiavilarandorinho.pt\/?p=16474"},"modified":"2026-01-05T10:16:36","modified_gmt":"2026-01-05T10:16:36","slug":"mensagem-de-natal-do-paroco-p-e-vasco-soeiro","status":"publish","type":"post","link":"https:\/\/paroquiavilarandorinho.pt\/?p=16474","title":{"rendered":"Mensagem de Natal do P\u00e1roco, P.e Vasco Soeiro"},"content":{"rendered":"<p style=\"text-align: justify;\"><strong>Quero cantar eternamente a PALAVRA<\/strong><\/p>\n<p style=\"text-align: justify;\">Car\u00edssimos irm\u00e3os e irm\u00e3s da nossa par\u00f3quia do Divino Salvador de Vilar de Andorinho.<\/p>\n<p style=\"text-align: justify;\">No dia 25 de dezembro celebraremos o maravilhoso dia do GRANDE ENCONTRO de Deus com a Humanidade e da Humanidade com Deus.<\/p>\n<p style=\"text-align: justify;\">Pensar no dia da Solenidade do Natal do Senhor, significa antecipar a manh\u00e3 de Natal, antes mesmo do nascer do sol\u2026isto despertou em mim uma vontade muito forte de cantar.<\/p>\n<p style=\"text-align: justify;\">Sim, cantar todo o dia, esse dia que \u00e9 maior do que a clausura das 24 horas, pois tem 11.520 minutos. Mas, como poderia eu cantar um canto sem a PALAVRA (cf. Sl 137,4)?<\/p>\n<p style=\"text-align: justify;\">Na m\u00fasica, o \u00d3rg\u00e3o de tubos \u00e9 considerado o rei dos instrumentos, por incluir na sua constru\u00e7\u00e3o os reinos da terra (mineral, vegetal e animal), como simb\u00f3lica da uni\u00e3o do cosmos.<\/p>\n<p style=\"text-align: justify;\">N\u00e3o obstante, o canto implica a envolv\u00eancia do nosso corpo do um modo que os outros instrumentos n\u00e3o conseguem. Sen\u00e3o vejamos, o canto implica o uso dos\u00a0<a href=\"https:\/\/pt.wikipedia.org\/wiki\/Pulm%C3%B5es\">pulm\u00f5es<\/a>, que agem como uma fonte de ar; do\u00a0<a href=\"https:\/\/pt.wikipedia.org\/wiki\/M%C3%BAsculo_diafragma\">diafragma<\/a>, que age como um\u00a0<a href=\"https:\/\/pt.wikipedia.org\/wiki\/Fole_de_ferreiro\">fole<\/a>; da\u00a0<a href=\"https:\/\/pt.wikipedia.org\/wiki\/Laringe\">laringe<\/a>, que atua como um\u00a0<a href=\"https:\/\/pt.wikipedia.org\/wiki\/Palheta_(sopros)\">instrumento de palheta<\/a>\u00a0ou vibrador; do\u00a0<a href=\"https:\/\/pt.wikipedia.org\/wiki\/T%C3%B3rax\">t\u00f3rax<\/a>\u00a0e cavidades da\u00a0<a href=\"https:\/\/pt.wikipedia.org\/wiki\/Cabe%C3%A7a\">cabe\u00e7a<\/a>, que t\u00eam a fun\u00e7\u00e3o de um amplificador, como um tubo num instrumento de sopro; e da\u00a0<a href=\"https:\/\/pt.wikipedia.org\/wiki\/L%C3%ADngua\">l\u00edngua<\/a>, que, juntamente com o\u00a0<a href=\"https:\/\/pt.wikipedia.org\/wiki\/Palato\">palato<\/a>,\u00a0<a href=\"https:\/\/pt.wikipedia.org\/wiki\/Dente\">dentes<\/a>\u00a0e\u00a0<a href=\"https:\/\/pt.wikipedia.org\/wiki\/L%C3%A1bio\">l\u00e1bios<\/a>, s\u00e3o usados para articular s\u00edlabas e palavras, em perfeita intera\u00e7\u00e3o de uns com os outros.<\/p>\n<p style=\"text-align: justify;\">O canto, e o canto lit\u00fargico por excel\u00eancia, desempenha um papel fundamental na rela\u00e7\u00e3o da humanidade com Deus, pois \u00e9 sinal de alegria do cora\u00e7\u00e3o (cf. Actos 2, 46). Neste sentido, bem afirmou Santo Agostinho: \u201cCantar \u00e9 pr\u00f3prio de quem ama\u201d<a name=\"_ftnref48\"><\/a>. E vem j\u00e1 de tempos antigos o prov\u00e9rbio: \u201cQuem bem canta, duas vezes reza\u201d. (cf. Instru\u00e7\u00e3o Geral Missal Romano, n. 39).<\/p>\n<p style=\"text-align: justify;\">Mas, como poderia eu cantar um canto sem a PALAVRA (cf. Sl 137,4)?<\/p>\n<p style=\"text-align: justify;\">\u00d3 menino Jesus,<\/p>\n<p style=\"text-align: justify;\">como posso eu falar<\/p>\n<p style=\"text-align: justify;\">se n\u00e3o for capaz de escutar a Tua voz?<\/p>\n<p style=\"text-align: justify;\">Tu que te fazes vida na humanidade,<\/p>\n<p style=\"text-align: justify;\">como posso eu viver<\/p>\n<p style=\"text-align: justify;\">se de Ti n\u00e3o receber a Vida?<\/p>\n<p style=\"text-align: justify;\">Faz-Te ouvir, voz eterna<\/p>\n<p style=\"text-align: justify;\">fala ao meu cora\u00e7\u00e3o,<\/p>\n<p style=\"text-align: justify;\">faz-Te PRESENTE.<\/p>\n<p style=\"text-align: justify;\">Tu que \u00e9s o maior PRESENTE<\/p>\n<p style=\"text-align: justify;\">Fala para que eu fale<\/p>\n<p style=\"text-align: justify;\">no dia presente do dia de Natal!<\/p>\n<p style=\"text-align: justify;\">Como todos sabemos, a sociedade do s\u00e9c. XXI pode ser caracterizada, de entre outros modos, a <em>sociedade do esgotamento da palavra<\/em>. Desde que acordamos at\u00e9 que nos deitamos, somos imersos numa imensid\u00e3o de palavras: na r\u00e1dio, televis\u00e3o, internet, meios publicit\u00e1rios, etc. No entanto, porque \u00e9 que a maior parte das palavras, que apesar de morfol\u00f3gico-sintaticamente bem organizadas e aplicadas, dizem-nos muito pouco ou nada?<\/p>\n<p style=\"text-align: justify;\">Ser\u00e1 que precisamos desta PALAVRA &#8211; <strong>\u03bb\u1f79\u03b3\u03bf\u03c2<\/strong> \u2013 feito menino para n\u00f3s, como nos comunica o disc\u00edpulo amado no seu evangelho? Que acrescento traz esta PALAVRA \u00e0 nossa vida? Que lugar lhe damos na nossa vida?<\/p>\n<p style=\"text-align: justify;\">Para o Professor Doutor Am\u00e9rico Pereira, a melhor tradu\u00e7\u00e3o da palavra <strong>\u03bb\u1f79\u03b3\u03bf\u03c2<\/strong>, de acordo com a cultura hel\u00e9nica, seria \u00abSENTIDO\u00bb (cf. Absoluto da Luz, publicado a 24-12-2020).<\/p>\n<p style=\"text-align: justify;\">Depois desta tomada de consci\u00eancia, o Sol que amanhecer\u00e1 neste dia composto de 11.520 minutos come\u00e7ar\u00e1 a ser a verdadeira Luz para a minha vida.<\/p>\n<p style=\"text-align: justify;\">\u00c9 verdade, todo o canto sem a PALAVRA-MENINO-JESUS n\u00e3o passa de ru\u00eddo; parafraseando o Ap\u00f3stolo Paulo, nem que conhecesse todas as palavras dos dicion\u00e1rios e tivesse a capacidade de as aplicar discursivamente de modo irrepreens\u00edvel, sem o LOGOS-SENTIDO, PALAVRA ENCARNADA, de nada valho.<\/p>\n<p style=\"text-align: justify;\">Por isso, j\u00e1 n\u00e3o quero dicion\u00e1rios consultados em v\u00e3o, apenas desejo a PALAVRA que nunca poder\u00e1 ser contida por eles, a \u00fanica que d\u00e1 SENTIDO a tudo e a todos.<\/p>\n<p style=\"text-align: justify;\">\u00d3 MENINO-PALAVRA-LUZ-VIDA-SENTIDO, obrigado por Te fazeres ouvir.. por nos iluminares\u2026 por dares SENTIDO \u00e0 minha e \u00e0 nossa vida. Ajuda-nos a escutar-Te, a acolher-Te, a amar-Te e a anunciar-Te, a CANTAR-TE todos os dias da nossa vida entranhada no teu Amor.<\/p>\n<p style=\"text-align: justify;\">Desejo a todas as fam\u00edlias um Santo e muito feliz Natal de 2025!<\/p>\n<p style=\"text-align: justify;\">Convosco, caminhante na f\u00e9, para v\u00f3s sacerdote,<\/p>\n<p style=\"text-align: justify;\">P.e Vasco Soeiro<\/p>\n<p>&nbsp;<\/p>\n<p><a href=\"https:\/\/paroquiavilarandorinho.pt\/wp-content\/uploads\/2025\/12\/2025dez25-quero-cantar-o-vosso-Nome-mensagem-de-Natal.pdf\">Mensagem de Natal do P\u00e1roco, Pe. Vasco Soeiro<\/a> (PDF)<\/p>\n","protected":false},"excerpt":{"rendered":"<p>No dia 25 de dezembro celebraremos o maravilhoso dia do GRANDE ENCONTRO de Deus com a Humanidade e da Humanidade com Deus.<\/p>\n","protected":false},"author":2,"featured_media":16475,"comment_status":"closed","ping_status":"closed","sticky":false,"template":"","format":"standard","meta":{"_acf_changed":false,"rs_blank_template":"","rs_page_bg_color":"","slide_template_v7":"","footnotes":""},"categories":[101],"tags":[],"class_list":["post-16474","post","type-post","status-publish","format-standard","has-post-thumbnail","hentry","category-ano-pastoral-2024-2025"],"acf":[],"_links":{"self":[{"href":"https:\/\/paroquiavilarandorinho.pt\/index.php?rest_route=\/wp\/v2\/posts\/16474","targetHints":{"allow":["GET"]}}],"collection":[{"href":"https:\/\/paroquiavilarandorinho.pt\/index.php?rest_route=\/wp\/v2\/posts"}],"about":[{"href":"https:\/\/paroquiavilarandorinho.pt\/index.php?rest_route=\/wp\/v2\/types\/post"}],"author":[{"embeddable":true,"href":"https:\/\/paroquiavilarandorinho.pt\/index.php?rest_route=\/wp\/v2\/users\/2"}],"replies":[{"embeddable":true,"href":"https:\/\/paroquiavilarandorinho.pt\/index.php?rest_route=%2Fwp%2Fv2%2Fcomments&post=16474"}],"version-history":[{"count":2,"href":"https:\/\/paroquiavilarandorinho.pt\/index.php?rest_route=\/wp\/v2\/posts\/16474\/revisions"}],"predecessor-version":[{"id":16539,"href":"https:\/\/paroquiavilarandorinho.pt\/index.php?rest_route=\/wp\/v2\/posts\/16474\/revisions\/16539"}],"wp:featuredmedia":[{"embeddable":true,"href":"https:\/\/paroquiavilarandorinho.pt\/index.php?rest_route=\/wp\/v2\/media\/16475"}],"wp:attachment":[{"href":"https:\/\/paroquiavilarandorinho.pt\/index.php?rest_route=%2Fwp%2Fv2%2Fmedia&parent=16474"}],"wp:term":[{"taxonomy":"category","embeddable":true,"href":"https:\/\/paroquiavilarandorinho.pt\/index.php?rest_route=%2Fwp%2Fv2%2Fcategories&post=16474"},{"taxonomy":"post_tag","embeddable":true,"href":"https:\/\/paroquiavilarandorinho.pt\/index.php?rest_route=%2Fwp%2Fv2%2Ftags&post=16474"}],"curies":[{"name":"wp","href":"https:\/\/api.w.org\/{rel}","templated":true}]}}