{"id":16484,"date":"2025-12-28T13:13:50","date_gmt":"2025-12-28T13:13:50","guid":{"rendered":"https:\/\/paroquiavilarandorinho.pt\/?p=16484"},"modified":"2025-12-29T17:34:57","modified_gmt":"2025-12-29T17:34:57","slug":"anuncio-de-falecimento","status":"publish","type":"post","link":"https:\/\/paroquiavilarandorinho.pt\/?p=16484","title":{"rendered":"An\u00fancio de falecimento"},"content":{"rendered":"<p style=\"text-align: justify;\">\u00c9 com profundo pesar que a Par\u00f3quia do Divino Salvador de Vilar de Andorinho informa o falecimento do Sr. Manuel Soeiro, pai do P\u00e1roco P.e Vasco Alexandre \u00a0Domingues Soeiro.\u00a0 Ao nosso P\u00e1roco e aos restantes familiares e amigos, apresentamos as nossas sentidas condol\u00eancias.<\/p>\n<p style=\"text-align: justify;\">\u00a0\u00a0\u00a0\u00a0\u00a0\u00a0\u00a0\u00a0\u00a0\u00a0\u00a0\u00a0\u00a0\u00a0\u00a0 O vel\u00f3rio decorre a partir das 15h00 de hoje, domingo, 28.12.2025, na Capela de N\u00aa S\u00aa de F\u00e1tima na Madalena.<\/p>\n<p style=\"text-align: justify;\">\u00a0\u00a0\u00a0\u00a0\u00a0\u00a0\u00a0\u00a0\u00a0\u00a0\u00a0\u00a0\u00a0\u00a0\u00a0 As ex\u00e9quias ser\u00e3o realizadas amanh\u00e3, segunda-feira, 29.12.2025, \u00e0s 15h00, tamb\u00e9m na Capela de N\u00aa S\u00aa de F\u00e1tima na Madalena.<\/p>\n","protected":false},"excerpt":{"rendered":"<p>\u00c9 com profundo pesar que a Par\u00f3quia do Divino Salvador de Vilar de Andorinho informa o falecimento do Sr. Manuel Soeiro,&#8230;<\/p>\n","protected":false},"author":2,"featured_media":16486,"comment_status":"closed","ping_status":"closed","sticky":false,"template":"","format":"standard","meta":{"_acf_changed":false,"rs_blank_template":"","rs_page_bg_color":"","slide_template_v7":"","footnotes":""},"categories":[110],"tags":[],"class_list":["post-16484","post","type-post","status-publish","format-standard","has-post-thumbnail","hentry","category-ano-pastoral-2025-2026"],"acf":[],"_links":{"self":[{"href":"https:\/\/paroquiavilarandorinho.pt\/index.php?rest_route=\/wp\/v2\/posts\/16484","targetHints":{"allow":["GET"]}}],"collection":[{"href":"https:\/\/paroquiavilarandorinho.pt\/index.php?rest_route=\/wp\/v2\/posts"}],"about":[{"href":"https:\/\/paroquiavilarandorinho.pt\/index.php?rest_route=\/wp\/v2\/types\/post"}],"author":[{"embeddable":true,"href":"https:\/\/paroquiavilarandorinho.pt\/index.php?rest_route=\/wp\/v2\/users\/2"}],"replies":[{"embeddable":true,"href":"https:\/\/paroquiavilarandorinho.pt\/index.php?rest_route=%2Fwp%2Fv2%2Fcomments&post=16484"}],"version-history":[{"count":1,"href":"https:\/\/paroquiavilarandorinho.pt\/index.php?rest_route=\/wp\/v2\/posts\/16484\/revisions"}],"predecessor-version":[{"id":16487,"href":"https:\/\/paroquiavilarandorinho.pt\/index.php?rest_route=\/wp\/v2\/posts\/16484\/revisions\/16487"}],"wp:featuredmedia":[{"embeddable":true,"href":"https:\/\/paroquiavilarandorinho.pt\/index.php?rest_route=\/wp\/v2\/media\/16486"}],"wp:attachment":[{"href":"https:\/\/paroquiavilarandorinho.pt\/index.php?rest_route=%2Fwp%2Fv2%2Fmedia&parent=16484"}],"wp:term":[{"taxonomy":"category","embeddable":true,"href":"https:\/\/paroquiavilarandorinho.pt\/index.php?rest_route=%2Fwp%2Fv2%2Fcategories&post=16484"},{"taxonomy":"post_tag","embeddable":true,"href":"https:\/\/paroquiavilarandorinho.pt\/index.php?rest_route=%2Fwp%2Fv2%2Ftags&post=16484"}],"curies":[{"name":"wp","href":"https:\/\/api.w.org\/{rel}","templated":true}]}}