{"id":16573,"date":"2026-01-12T14:56:57","date_gmt":"2026-01-12T14:56:57","guid":{"rendered":"https:\/\/paroquiavilarandorinho.pt\/?p=16573"},"modified":"2026-01-12T14:57:24","modified_gmt":"2026-01-12T14:57:24","slug":"e-depois-do-jubileu-um-sinodo-a-implementar","status":"publish","type":"post","link":"https:\/\/paroquiavilarandorinho.pt\/?p=16573","title":{"rendered":"E depois do JUBILEU &#8211; Um S\u00ednodo a implementar"},"content":{"rendered":"<p><a href=\"https:\/\/www.vozportucalense.pt\/2026\/01\/\">6 janeiro, 2026<\/a>\u00a0<a href=\"https:\/\/www.vozportucalense.pt\/category\/cultura\/\">Cultura<\/a> Voz Portucalense<\/p>\n<figure id=\"attachment_16574\" aria-describedby=\"caption-attachment-16574\" style=\"width: 447px\" class=\"wp-caption aligncenter\"><img loading=\"lazy\" decoding=\"async\" class=\"wp-image-16574 size-full\" src=\"https:\/\/paroquiavilarandorinho.pt\/wp-content\/uploads\/2026\/01\/jmj.jpg\" alt=\"\" width=\"447\" height=\"251\" srcset=\"https:\/\/paroquiavilarandorinho.pt\/wp-content\/uploads\/2026\/01\/jmj.jpg 447w, https:\/\/paroquiavilarandorinho.pt\/wp-content\/uploads\/2026\/01\/jmj-300x168.jpg 300w\" sizes=\"auto, (max-width: 447px) 100vw, 447px\" \/><figcaption id=\"caption-attachment-16574\" class=\"wp-caption-text\">Foto: Jo\u00e3o Lopes Cardoso, JMJ Lisboa 2023<\/figcaption><\/figure>\n<p><strong>\u201cComprometamo-nos a construir uma Igreja totalmente sinodal, totalmente ministerial, totalmente atra\u00edda por Cristo e, portanto, voltada para o servi\u00e7o ao mundo\u201d, disse o Papa Le\u00e3o XIV no Jubileu das Equipas Sinodais.<\/strong><\/p>\n<p><img loading=\"lazy\" decoding=\"async\" class=\"aligncenter size-full wp-image-16575\" src=\"https:\/\/paroquiavilarandorinho.pt\/wp-content\/uploads\/2026\/01\/rui_saraiva.jpg\" alt=\"\" width=\"150\" height=\"210\" \/><\/p>\n<p style=\"text-align: justify;\"><strong>Por Rui Saraiva<\/strong><\/p>\n<p style=\"text-align: justify;\">Em 2025 vivemos a din\u00e2mica celebrativa e alegre do Ano Santo. Um Jubileu iniciado pelo Papa Francisco e conclu\u00eddo pelo Papa Le\u00e3o XIV.<\/p>\n<p style=\"text-align: justify;\"><strong>Caminhando juntos com toda a humanidade<\/strong><\/p>\n<p style=\"text-align: justify;\">E neste in\u00edcio de ano 2026 podemos talvez perguntar: E depois do Jubileu? Nas palavras do Santo Padre, na homilia da Missa do dia de Natal, a miss\u00e3o da Igreja deve ser feita em modo de \u201cconversa\u00e7\u00e3o\u201d, avan\u00e7ando \u201cem dire\u00e7\u00e3o ao outro\u201d e \u201ccaminhando juntos com toda a humanidade\u201d. Uma vis\u00e3o claramente sinodal.<\/p>\n<p style=\"text-align: justify;\">\u201cEis o caminho da miss\u00e3o: um caminho em dire\u00e7\u00e3o ao outro. Em Deus, cada palavra \u00e9 uma palavra dirigida, \u00e9 um convite \u00e0 conversa\u00e7\u00e3o, uma palavra que nunca \u00e9 igual a si mesma. \u00c9 a renova\u00e7\u00e3o que o Conc\u00edlio Vaticano II promoveu e que veremos florescer apenas caminhando juntos com toda a humanidade, sem nunca nos separarmos dela\u201d, afirmou Le\u00e3o XIV.<\/p>\n<p style=\"text-align: justify;\">Na sua recente Carta Apost\u00f3lica \u201cUma fidelidade que gera futuro\u201d, dirigida aos sacerdotes, o Papa foi bem claro ao escrever que \u201co desafio da sinodalidade\u201d \u00e9 \u201cuma das principais oportunidades para os sacerdotes do futuro\u201d.<\/p>\n<p style=\"text-align: justify;\">\u201cNuma Igreja cada vez mais sinodal e mission\u00e1ria, o minist\u00e9rio sacerdotal n\u00e3o perde em nada a sua import\u00e2ncia e atualidade; pelo contr\u00e1rio, poder\u00e1 concentrar-se ainda mais nas tarefas que lhe s\u00e3o pr\u00f3prias e espec\u00edficas\u201d, refere o Santo Padre no documento que assinala os 60 anos dos decretos do Conc\u00edlio Vaticano II sobre o minist\u00e9rio e a forma\u00e7\u00e3o sacerdotal.<\/p>\n<p style=\"text-align: justify;\">No seu texto, Le\u00e3o XIV salienta ainda que \u201ca segunda sess\u00e3o da XVI Assembleia Sinodal, no\u00a0<a href=\"https:\/\/www.synod.va\/content\/dam\/synod\/news\/2024-10-26_final-document\/POR---Documento-finale.pdf\"><strong>Documento Final<\/strong><\/a>, prop\u00f4s uma convers\u00e3o das rela\u00e7\u00f5es e dos processos\u201d.<\/p>\n<p style=\"text-align: justify;\"><strong>Construir uma Igreja totalmente sinodal<\/strong><\/p>\n<p style=\"text-align: justify;\">A este prop\u00f3sito, o Santo Padre exortou as Equipas Sinodais no seu Jubileu em outubro passado, a ajudarem \u201ca compreender que, na Igreja, antes de qualquer diferen\u00e7a, somos chamados a caminhar juntos em busca de Deus\u201d.<\/p>\n<p style=\"text-align: justify;\">\u201cAs equipas sinodais e os \u00f3rg\u00e3os de participa\u00e7\u00e3o s\u00e3o imagem desta Igreja que vive na comunh\u00e3o. E hoje gostaria de vos exortar: na escuta do Esp\u00edrito, no di\u00e1logo, na fraternidade e na parr\u00e9sia, ajudai-nos a compreender que, na Igreja, antes de qualquer diferen\u00e7a, somos chamados a caminhar juntos em busca de Deus, para nos revestirmos dos sentimentos de Cristo; ajudai-nos a ampliar o espa\u00e7o eclesial para que se torne colegial e acolhedor\u201d, disse Le\u00e3o XIV.<\/p>\n<p style=\"text-align: justify;\">Sendo assim, parece evidente que, depois do Jubileu h\u00e1 um S\u00ednodo para implementar, numa tarefa que ter\u00e1 a especial anima\u00e7\u00e3o das equipas sinodais, como referiu o Papa na sua homilia de domingo 26 de outubro: \u201ccomprometamo-nos a construir uma Igreja totalmente sinodal\u201d, declarou.<\/p>\n<p style=\"text-align: justify;\">\u201cCar\u00edssimos, devemos sonhar e construir uma Igreja humilde. Uma Igreja que n\u00e3o se mant\u00e9m de p\u00e9 como o fariseu, triunfante e cheia de si mesma, mas que se baixa para lavar os p\u00e9s da humanidade; uma Igreja que n\u00e3o julga como o fariseu faz com o publicano, mas que se torna um lugar acolhedor para todos e para cada um; uma Igreja que n\u00e3o se fecha em si mesma, mas permanece \u00e0 escuta de Deus para poder, da mesma forma, ouvir todos. Comprometamo-nos a construir uma Igreja totalmente sinodal, totalmente ministerial, totalmente atra\u00edda por Cristo e, portanto, voltada para o servi\u00e7o ao mundo\u201d, sublinhou o Santo Padre.<\/p>\n<p style=\"text-align: justify;\"><strong>Sinodalidade \u00e9 caminho, fora do qual tudo murcha<\/strong><\/p>\n<p style=\"text-align: justify;\">Recordemos que logo no primeiro m\u00eas do seu pontificado, no s\u00e1bado 7 de junho, na Vig\u00edlia de Pentecostes, o Papa Le\u00e3o XIV destacou que a sinodalidade \u00e9 o nome eclesial para a consci\u00eancia de que Deus criou o mundo para estarmos juntos.<\/p>\n<p style=\"text-align: justify;\">\u201cDeus criou o mundo para que pud\u00e9ssemos estar juntos. \u2018Sinodalidade\u2019 \u00e9 o nome eclesial desta consci\u00eancia. \u00c9 o caminho que exige que cada um reconhe\u00e7a a sua d\u00edvida e o seu tesouro, sentindo-se parte de um todo, fora do qual tudo murcha, mesmo o mais original dos carismas\u201d, assinalou o Papa.<\/p>\n<p style=\"text-align: justify;\">Entretanto, no dia 17 de junho o Papa Le\u00e3o XIV recebeu em audi\u00eancia a Confer\u00eancia Episcopal Italiana. No discurso que proferiu na ocasi\u00e3o, fez um sublinhado muito intenso sobre a sinodalidade, pedindo, desde logo, unidade: \u201cAvancem em unidade, pensando especialmente no Caminho Sinodal\u201d, disse o Santo Padre.<\/p>\n<p style=\"text-align: justify;\">Le\u00e3o XIV pediu aos bispos italianos para permanecerem unidos e abertos \u00e0s \u201cprovoca\u00e7\u00f5es do Esp\u00edrito\u201d, dizendo para n\u00e3o se defenderem dessas provoca\u00e7\u00f5es. No fundo, para n\u00e3o terem uma atitude de recusa \u00e0quilo que \u00e9 novo, mas uma atitude de abertura.<\/p>\n<p style=\"text-align: justify;\">E, assim, exortou os bispos de It\u00e1lia a uma verdadeira mentalidade sinodal: \u201cQue a sinodalidade se torne uma mentalidade, no cora\u00e7\u00e3o, nos processos de tomada de decis\u00f5es e nos modos de agir\u201d, disse Le\u00e3o XIV.<\/p>\n<p style=\"text-align: justify;\"><strong>Em\u00a02026 implementar o S\u00ednodo nas igrejas locais<\/strong><\/p>\n<p style=\"text-align: justify;\">Neste ano de 2026 decorre a implementa\u00e7\u00e3o das conclus\u00f5es do S\u00ednodo. O documento \u201cPistas para a fase de implementa\u00e7\u00e3o do S\u00ednodo\u201d aprovado pelo Papa Le\u00e3o XIV e publicado pela Secretaria-Geral do S\u00ednodo a 7 de julho, confirma o percurso proposto pelo Papa Francisco.<\/p>\n<p style=\"text-align: justify;\">Um caminho desenhado a partir das igrejas locais rumo a uma Assembleia Eclesial em outubro de 2028 em Roma.<\/p>\n<p style=\"text-align: justify;\">Segundo a Secretaria-Geral do S\u00ednodo at\u00e9 dezembro de 2026 decorrem percursos de implementa\u00e7\u00e3o nas Igrejas locais.<\/p>\n<p style=\"text-align: justify;\">No primeiro semestre de 2027 est\u00e3o previstas assembleias de avalia\u00e7\u00e3o nas dioceses e no segundo semestre do mesmo ano ser\u00e3o promovidas assembleias de avalia\u00e7\u00e3o nas confer\u00eancias episcopais nacionais e internacionais, nas estruturas hier\u00e1rquicas orientais e em outros agrupamentos de Igrejas.<\/p>\n<p style=\"text-align: justify;\">Finalmente, no primeiro quadrimestre de 2028 est\u00e3o previstas assembleias continentais de avalia\u00e7\u00e3o e em outubro de 2028 ter\u00e1 lugar a celebra\u00e7\u00e3o de uma grande Assembleia Eclesial no Vaticano.<\/p>\n<p style=\"text-align: justify;\">Depois do Jubileu, o tempo \u00e9 de implementa\u00e7\u00e3o concreta, na vida da Igreja, das conclus\u00f5es do Documento Final do S\u00ednodo publicado em outubro de 2024. Caminhando com o Papa Le\u00e3o XIV rumo \u00e0 Assembleia Eclesial de 2028.<\/p>\n<p>&nbsp;<\/p>\n<p><a href=\"https:\/\/paroquiavilarandorinho.pt\/wp-content\/uploads\/2026\/01\/E-depois-do-JUBILEU-Um-Sinodo-a-implementar.pdf\">E depois do JUBILEU &#8211; Um S\u00ednodo a implementar<\/a> (PDF)<\/p>\n","protected":false},"excerpt":{"rendered":"<p>\u201cComprometamo-nos a construir uma Igreja totalmente sinodal, totalmente ministerial, totalmente atra\u00edda por Cristo e, portanto, voltada &#8230;<\/p>\n","protected":false},"author":2,"featured_media":16576,"comment_status":"closed","ping_status":"closed","sticky":false,"template":"","format":"standard","meta":{"_acf_changed":false,"rs_blank_template":"","rs_page_bg_color":"","slide_template_v7":"","footnotes":""},"categories":[88,68],"tags":[],"class_list":["post-16573","post","type-post","status-publish","format-standard","has-post-thumbnail","hentry","category-sinodo-2021-2024-2028","category-ultimas"],"acf":[],"_links":{"self":[{"href":"https:\/\/paroquiavilarandorinho.pt\/index.php?rest_route=\/wp\/v2\/posts\/16573","targetHints":{"allow":["GET"]}}],"collection":[{"href":"https:\/\/paroquiavilarandorinho.pt\/index.php?rest_route=\/wp\/v2\/posts"}],"about":[{"href":"https:\/\/paroquiavilarandorinho.pt\/index.php?rest_route=\/wp\/v2\/types\/post"}],"author":[{"embeddable":true,"href":"https:\/\/paroquiavilarandorinho.pt\/index.php?rest_route=\/wp\/v2\/users\/2"}],"replies":[{"embeddable":true,"href":"https:\/\/paroquiavilarandorinho.pt\/index.php?rest_route=%2Fwp%2Fv2%2Fcomments&post=16573"}],"version-history":[{"count":2,"href":"https:\/\/paroquiavilarandorinho.pt\/index.php?rest_route=\/wp\/v2\/posts\/16573\/revisions"}],"predecessor-version":[{"id":16579,"href":"https:\/\/paroquiavilarandorinho.pt\/index.php?rest_route=\/wp\/v2\/posts\/16573\/revisions\/16579"}],"wp:featuredmedia":[{"embeddable":true,"href":"https:\/\/paroquiavilarandorinho.pt\/index.php?rest_route=\/wp\/v2\/media\/16576"}],"wp:attachment":[{"href":"https:\/\/paroquiavilarandorinho.pt\/index.php?rest_route=%2Fwp%2Fv2%2Fmedia&parent=16573"}],"wp:term":[{"taxonomy":"category","embeddable":true,"href":"https:\/\/paroquiavilarandorinho.pt\/index.php?rest_route=%2Fwp%2Fv2%2Fcategories&post=16573"},{"taxonomy":"post_tag","embeddable":true,"href":"https:\/\/paroquiavilarandorinho.pt\/index.php?rest_route=%2Fwp%2Fv2%2Ftags&post=16573"}],"curies":[{"name":"wp","href":"https:\/\/api.w.org\/{rel}","templated":true}]}}