{"id":16600,"date":"2026-01-19T10:04:13","date_gmt":"2026-01-19T10:04:13","guid":{"rendered":"https:\/\/paroquiavilarandorinho.pt\/?p=16600"},"modified":"2026-01-19T10:04:13","modified_gmt":"2026-01-19T10:04:13","slug":"unidade-dos-cristaos-oracao-na-catedral-do-porto-sera-no-dia-21","status":"publish","type":"post","link":"https:\/\/paroquiavilarandorinho.pt\/?p=16600","title":{"rendered":"Unidade dos Crist\u00e3os: ora\u00e7\u00e3o na Catedral do Porto ser\u00e1 no dia 21"},"content":{"rendered":"<p style=\"text-align: justify;\"><a href=\"https:\/\/www.vozportucalense.pt\/2026\/01\/\"><strong>13 janeiro, 2026<\/strong><\/a><strong>\u00a0<\/strong><a href=\"https:\/\/www.vozportucalense.pt\/category\/diocese\/\"><strong>Diocese<\/strong><\/a><strong>-Voz Portucalense<\/strong><\/p>\n<p style=\"text-align: justify;\"><strong>Igrejas crist\u00e3s celebram semana de ora\u00e7\u00e3o pela unidade, inspiradas em texto de S. Paulo.<\/strong><\/p>\n<p style=\"text-align: justify;\">A Semana de Ora\u00e7\u00e3o pela Unidade dos Crist\u00e3os 2026, preparada na Arm\u00e9nia, convida a recorrer \u00e0 \u201cheran\u00e7a crist\u00e3 partilhada e a aprofundar a comunh\u00e3o em Cristo\u201d, e decorre, como habitualmente, de 18 a 25 de janeiro, no hemisf\u00e9rio norte.<\/p>\n<p style=\"text-align: justify;\">Na diocese do Porto a ora\u00e7\u00e3o ser\u00e1 na quarta-feira dia 21 de janeiro pelas 21.30h, na Catedral do Porto.<\/p>\n<p style=\"text-align: justify;\">\u201cA unidade \u00e9 um mandamento divino no cerne da nossa identidade crist\u00e3, mais do que um simples ideal. Representa a ess\u00eancia da voca\u00e7\u00e3o da Igreja \u2013 um apelo para refletir a harmonia e a unidade da nossa vida em Cristo no meio da nossa diversidade. Esta unidade divina \u00e9 central na nossa miss\u00e3o e \u00e9 sustentada pelo profundo amor de Jesus Cristo, que nos apresentou um prop\u00f3sito unificado\u201d, explica o gui\u00e3o do Oitav\u00e1rio pela Unidade dos Crist\u00e3os.<\/p>\n<p style=\"text-align: justify;\">\u2018H\u00e1 um s\u00f3 corpo e um s\u00f3 Esp\u00edrito, assim como fostes chamados a uma s\u00f3 esperan\u00e7a \u2013 a da vossa voca\u00e7\u00e3o\u2019, da carta de S\u00e3o Paulo aos Ef\u00e9sios (4:4), \u00e9 o tema da Semana de Ora\u00e7\u00e3o pela Unidade dos Crist\u00e3os 2026, vers\u00edculo b\u00edblico que \u201cresume a profundidade teol\u00f3gica da unidade crist\u00e3\u201d.<\/p>\n<p style=\"text-align: justify;\">O gui\u00e3o do Oitav\u00e1rio 2026 explica que as ep\u00edstolas de S\u00e3o Paulo \u201cenfatizam a import\u00e2ncia da unidade dentro da Igreja\u201d, exortando a viver de forma digna a voca\u00e7\u00e3o, \u201ccom humildade, mansid\u00e3o, paci\u00eancia e amor (Ef\u00e9sios\u201d, e salienta que a sua vis\u00e3o de unidade, em Romanos (12:6), mostra a \u201cdiversidade de dons que edificam o Corpo de Cristo\u201d, enquanto o apelo de S\u00e3o Paulo \u201cpor relacionamentos harmoniosos\u201d (2 Cor\u00edntios 13:11 e Filipenses 2:1-2) convida os crentes a \u201cserem de um s\u00f3 pensamento e um s\u00f3 esp\u00edrito no seu compromisso com Cristo\u201d.<\/p>\n<p style=\"text-align: justify;\">Nas B\u00edblia, l\u00ea-se, o chamamento de Deus \u00e0 unidade \u201cressoa desde os tempos mais remotos\u201d, e o subs\u00eddio de ora\u00e7\u00e3o destaca v\u00e1rios exemplos no Antigo Testamento, e no Novo Testamento, onde Jesus Cristo \u201celeva o conceito de unidade a uma dimens\u00e3o espiritual\u201d, refletindo a profunda rela\u00e7\u00e3o entre Ele e o Pai, e a unidade entre os Seus seguidores \u201cn\u00e3o \u00e9 meramente a aus\u00eancia de conflito, mas um profundo v\u00ednculo espiritual que reflete a unidade da Sant\u00edssima Trindade\u201d.<\/p>\n<p style=\"text-align: justify;\">As ora\u00e7\u00f5es e reflex\u00f5es para a Semana de Ora\u00e7\u00e3o pela Unidade dos Crist\u00e3os 2026 foram preparadas pela Igreja Apost\u00f3lica Arm\u00e9nia, com \u201cirm\u00e3os e irm\u00e3s\u201d das Igrejas Cat\u00f3lica e Evang\u00e9lica locais, na hist\u00f3rica sede espiritual e administrativa da Igreja Apost\u00f3lica Arm\u00e9nia, a Santa S\u00e9 de Etchmiadzin, \u201cdurante os inspiradores dias da b\u00ean\u00e7\u00e3o do Muron (\u00f3leo sagrado) e da consagra\u00e7\u00e3o da catedral\u201d, a 28 e 29 de setembro de 2024.<\/p>\n<p style=\"text-align: justify;\">\u201cEstes recursos baseiam-se em tradi\u00e7\u00f5es seculares de ora\u00e7\u00e3o e s\u00faplicas utilizadas pelo povo arm\u00e9nio, juntamente com hinos que tiveram origem nos antigos mosteiros e igrejas da Arm\u00e9nia, alguns dos quais datam do s\u00e9culo IV\u201d, l\u00ea-se no gui\u00e3o, que convida a recorrer a essa \u201cheran\u00e7a crist\u00e3 partilhada e a aprofundar a comunh\u00e3o em Cristo, que une os crist\u00e3os de todo o mundo\u201d.<\/p>\n<p style=\"text-align: justify;\">\u00c9 proposto tamb\u00e9m um \u2018culto ecum\u00e9nico, intitulado \u2018Luz da Luz para a Luz\u2019, adaptado de uma das horas di\u00e1rias de ora\u00e7\u00e3o da Igreja Arm\u00e9nia, e este subs\u00eddio para o Oitav\u00e1rio 2026 pode ser\u00a0<a href=\"https:\/\/www.christianunity.va\/content\/unitacristiani\/en\/settimana-di-preghiera-per-l-unita.html\"><strong>descarregados\u00a0<\/strong><\/a>no s\u00edtio online do Dicast\u00e9rio para a Promo\u00e7\u00e3o da Unidade dos Crist\u00e3os da Santa S\u00e9.<\/p>\n<p style=\"text-align: justify;\">O ecumenismo \u00e9 o conjunto de iniciativas e atividades tendentes a favorecer o regresso \u00e0 unidade dos crist\u00e3os, quebrada no passado por cismas e ruturas, as principais divis\u00f5es entre as Igrejas crist\u00e3s ocorreram no s\u00e9culo V, depois dos Conc\u00edlios de \u00c9feso e de Calced\u00f3nia (Igreja Copta, do Egito, entre outras); no s\u00e9culo XI com a cis\u00e3o entre o Ocidente e o Oriente (Igrejas Ortodoxas); no s\u00e9culo XVI, com a Reforma Protestante e, posteriormente, a separa\u00e7\u00e3o da Igreja de Inglaterra (Anglicana).<\/p>\n<p style=\"text-align: justify;\">O \u2018oitav\u00e1rio pela unidade da Igreja\u2019, hoje com outra denomina\u00e7\u00e3o, come\u00e7ou a ser celebrado em 1908, por iniciativa do norte-americano Paul Watson, presb\u00edtero anglicano que mais tarde se converteu ao catolicismo.<\/p>\n<p style=\"text-align: justify;\"><em>(inf: Ag\u00eancia Ecclesia)<\/em><\/p>\n<p style=\"text-align: justify;\">\n<p>&nbsp;<\/p>\n<p><a href=\"https:\/\/paroquiavilarandorinho.pt\/wp-content\/uploads\/2026\/01\/Semana-de-Oracao-pela-Unidade-dos-Cristaos.pdf\">Semana de Ora\u00e7\u00e3o pela Unidade dos Crist\u00e3os<\/a> (PDF)<\/p>\n","protected":false},"excerpt":{"rendered":"<p>A Semana de Ora\u00e7\u00e3o pela Unidade dos Crist\u00e3os 2026, preparada na Arm\u00e9nia, convida a recorrer \u00e0 \u201cheran\u00e7a crist\u00e3 partilhada &#8230;<\/p>\n","protected":false},"author":2,"featured_media":16602,"comment_status":"closed","ping_status":"closed","sticky":false,"template":"","format":"standard","meta":{"_acf_changed":false,"rs_blank_template":"","rs_page_bg_color":"","slide_template_v7":"","footnotes":""},"categories":[68],"tags":[],"class_list":["post-16600","post","type-post","status-publish","format-standard","has-post-thumbnail","hentry","category-ultimas"],"acf":[],"_links":{"self":[{"href":"https:\/\/paroquiavilarandorinho.pt\/index.php?rest_route=\/wp\/v2\/posts\/16600","targetHints":{"allow":["GET"]}}],"collection":[{"href":"https:\/\/paroquiavilarandorinho.pt\/index.php?rest_route=\/wp\/v2\/posts"}],"about":[{"href":"https:\/\/paroquiavilarandorinho.pt\/index.php?rest_route=\/wp\/v2\/types\/post"}],"author":[{"embeddable":true,"href":"https:\/\/paroquiavilarandorinho.pt\/index.php?rest_route=\/wp\/v2\/users\/2"}],"replies":[{"embeddable":true,"href":"https:\/\/paroquiavilarandorinho.pt\/index.php?rest_route=%2Fwp%2Fv2%2Fcomments&post=16600"}],"version-history":[{"count":1,"href":"https:\/\/paroquiavilarandorinho.pt\/index.php?rest_route=\/wp\/v2\/posts\/16600\/revisions"}],"predecessor-version":[{"id":16603,"href":"https:\/\/paroquiavilarandorinho.pt\/index.php?rest_route=\/wp\/v2\/posts\/16600\/revisions\/16603"}],"wp:featuredmedia":[{"embeddable":true,"href":"https:\/\/paroquiavilarandorinho.pt\/index.php?rest_route=\/wp\/v2\/media\/16602"}],"wp:attachment":[{"href":"https:\/\/paroquiavilarandorinho.pt\/index.php?rest_route=%2Fwp%2Fv2%2Fmedia&parent=16600"}],"wp:term":[{"taxonomy":"category","embeddable":true,"href":"https:\/\/paroquiavilarandorinho.pt\/index.php?rest_route=%2Fwp%2Fv2%2Fcategories&post=16600"},{"taxonomy":"post_tag","embeddable":true,"href":"https:\/\/paroquiavilarandorinho.pt\/index.php?rest_route=%2Fwp%2Fv2%2Ftags&post=16600"}],"curies":[{"name":"wp","href":"https:\/\/api.w.org\/{rel}","templated":true}]}}