{"id":16984,"date":"2026-04-27T11:01:42","date_gmt":"2026-04-27T10:01:42","guid":{"rendered":"https:\/\/paroquiavilarandorinho.pt\/?p=16984"},"modified":"2026-04-27T11:42:10","modified_gmt":"2026-04-27T10:42:10","slug":"mensagem-para-o-dia-da-mae-da-comissao-episcopal-do-laicado-familia-e-vida","status":"publish","type":"post","link":"https:\/\/paroquiavilarandorinho.pt\/?p=16984","title":{"rendered":"Mensagem para o Dia da M\u00e3e da Comiss\u00e3o Episcopal do Laicado, Fam\u00edlia e Vida"},"content":{"rendered":"<p>3 de maio de 2026<\/p>\n<p style=\"text-align: justify;\"><strong><img loading=\"lazy\" decoding=\"async\" class=\"aligncenter size-full wp-image-16985\" src=\"https:\/\/paroquiavilarandorinho.pt\/wp-content\/uploads\/2026\/04\/img1.jpg\" alt=\"\" width=\"300\" height=\"200\" \/><\/strong><\/p>\n<p>&nbsp;<\/p>\n<p style=\"text-align: justify;\"><strong>AFINADORA DE CORA\u00c7\u00d5ES<\/strong><\/p>\n<p style=\"text-align: justify;\">A melodia da maternidade \u00e9 todo um alfabeto musical, \u00e9 uma hist\u00f3ria de Amor em tom maior, de coragem, de responsabilidade e de perseveran\u00e7a, que insiste em manter o cora\u00e7\u00e3o alinhado e afinado, n\u00e3o obstante os sobressaltos e notas soltas.<\/p>\n<p style=\"text-align: justify;\">Ser m\u00e3e \u00e9 muito mais do que dar \u00e0 luz. \u00c9 amar de forma infinita para al\u00e9m da raz\u00e3o e da compreens\u00e3o, \u00e9 abdicar de tantos sonhos, \u00e9 ensinar a voar e ficar a assistir, de sorriso rasgado e cora\u00e7\u00e3o cheio, \u00e0s conquistas dos filhos. \u00c9 correr e socorrer quando caem, \u00e9 dar beijos nas feridas, \u00e9 suavizar todos os hematomas que se v\u00e3o somando ao logo da vida. Ser m\u00e3e \u00e9 ser, acima de tudo, afinadora de cora\u00e7\u00f5es! Como precisamos, hoje, deste urgente trabalho de afina\u00e7\u00e3o dos cora\u00e7\u00f5es pela paz, pela reconcilia\u00e7\u00e3o e pela fraternidade.<\/p>\n<p style=\"text-align: justify;\">Ser m\u00e3e n\u00e3o significa somente colocar um filho no mundo, mas \u00e9 tamb\u00e9m uma escolha de vida. O que escolhe uma m\u00e3e, qual \u00e9 a escolha de vida de uma m\u00e3e? A escolha de vida de uma m\u00e3e \u00e9 a escolha de dar a vida.<\/p>\n<p style=\"text-align: justify;\">Cada vez temos mais consci\u00eancia de que o exemplo e o abra\u00e7o de uma m\u00e3e s\u00e3o o \u00fanico ant\u00eddoto para o mundo de hoje de solid\u00e3o e de viol\u00eancia. Uma sociedade sem m\u00e3es seria uma sociedade desumana, porque as m\u00e3es sabem testemunhar sempre, mesmo nos piores momentos, a ternura, a dedica\u00e7\u00e3o, a for\u00e7a moral. Nos tempos sombrios de guerras em que vivemos, precisamos de aprender com as m\u00e3es que o hero\u00edsmo pode ser mostrado em doa\u00e7\u00e3o, a for\u00e7a na compaix\u00e3o e a sabedoria na serenidade.<\/p>\n<p style=\"text-align: justify;\">Contemplamos Maria, m\u00e3e da esperan\u00e7a! Ela que viveu com a palavra de Sime\u00e3o: \u201cUma espada de dor trespassar\u00e1 a tua alma\u201d (Lc 2, 35). Essa alma, por ser toda amor, era infinitamente vulner\u00e1vel. Quando Maria, durante tr\u00eas dias, andou \u00e0 procura do seu Filho adolescente, tendo Ele ficado em Jerusal\u00e9m; quando o seguiu durante a sua vida p\u00fablica, vendo-o confrontar-se com as incompreens\u00f5es ou hostilidade de muitos; e \u2013 sobretudo \u2013 quando o acompanhou no caminho do Calv\u00e1rio, onde sofreu mais do que qualquer outra m\u00e3e. Contudo, no \u00e2mago do seu sofrimento, ela guardou uma confian\u00e7a inquebrant\u00e1vel. Para l\u00e1 do seu sofrimento, ela tinha a certeza de que era amada por Deus, mantendo a confian\u00e7a nele. Maria, que conhece e compreende melhor do que ningu\u00e9m, os sofrimentos das m\u00e3es, ensina, m\u00e3es e filhos, a viver em paz.<\/p>\n<p style=\"text-align: justify;\">\u00c9 bom que, neste Dia da M\u00e3e, as nossas m\u00e3es sejam cantadas e acarinhadas com belas palavras e gestos de ternura. Mas as nossas m\u00e3es t\u00eam de ser muito mais escutadas e muito mais reconhecidas no seu papel central na sociedade. S\u00f3 assim construiremos um mundo de paz e de reconcilia\u00e7\u00e3o.<\/p>\n<p style=\"text-align: justify;\">S\u00e3o as m\u00e3es que mais odeiam a guerra, que mata os seus filhos. Pensemos naquelas m\u00e3es quando recebem a carta: \u201cDigo-lhe que o seu filho morreu em defesa da p\u00e1tria\u2026\u201d. Pobres mulheres! Como uma m\u00e3e sofre e apesar de tudo sabe testemunhar a beleza da vida.<\/p>\n<p style=\"text-align: justify;\">O arcebispo \u00d3scar Romero dizia que as m\u00e3es vivem um \u201cmart\u00edrio materno\u201d: \u201cDar a vida n\u00e3o significa somente ser morto; dar a vida, ter esp\u00edrito de mart\u00edrio, \u00e9 dar no dever, no sil\u00eancio, na ora\u00e7\u00e3o, no cumprimento honesto do dever; naquele sil\u00eancio da vida quotidiana; dar a vida pouco a pouco? Sim, como a d\u00e1 uma m\u00e3e que, sem temor, com a simplicidade do mart\u00edrio materno, concebe no seu seio um filho, d\u00e1-o \u00e0 luz,\u00a0amamenta-o, f\u00e1-lo crescer e cuida dele com carinho. \u00c9 dar a vida. \u00c9 mart\u00edrio\u201d.<\/p>\n<p style=\"text-align: justify;\">Neste tempo de incerteza e de tantas guerras violentas, confiamos as m\u00e3es a Maria, que \u00e9 a m\u00e3e de todas as m\u00e3es. Recordamos e rezamos pelas m\u00e3es que que perderam filhos e est\u00e3o de luto, mas tamb\u00e9m pelas m\u00e3es que lutam pela sa\u00fade da sua fam\u00edlia, m\u00e3es cuidadoras de idosos e de pessoas com defici\u00eancia.<\/p>\n<p style=\"text-align: justify;\">Que as m\u00e3es n\u00e3o esque\u00e7am que os seus filhos tamb\u00e9m s\u00e3o filhos de Maria. Com elas, Maria partilha a sua responsabilidade materna, carrega os sofrimentos e as dificuldades dos seus filhos. Com as m\u00e3es \u2013 e ainda mais do que elas \u2013 ela deseja a sua felicidade.<\/p>\n<p style=\"text-align: justify;\">Ser m\u00e3e \u00e9 ser feliz somente por ser m\u00e3e. Ser m\u00e3e \u00e9 ser amor e amor que ningu\u00e9m esquece, mas que sempre se agradece.<\/p>\n<p style=\"text-align: justify;\"><strong>Que a celebra\u00e7\u00e3o de mais um Dia da M\u00e3e junte, em coro, as nossas vozes para manifestarmos todo o amor e gratid\u00e3o para com as nossas m\u00e3es!<\/strong><\/p>\n<p>&nbsp;<\/p>\n<p><a href=\"https:\/\/paroquiavilarandorinho.pt\/wp-content\/uploads\/2026\/04\/Mensagem-para-o-Dia-da-Mae-03.05.2026-da-Comissao-Episcopal-do-Laicado-Familia-e-Vida.pdf\">Mensagem para o Dia da M\u00e3e (03.05.2026) da Comiss\u00e3o Episcopal do Laicado, Fam\u00edlia e Vida<\/a> (PDF)<\/p>\n","protected":false},"excerpt":{"rendered":"<p>A melodia da maternidade \u00e9 todo um alfabeto musical, \u00e9 uma hist\u00f3ria de Amor em tom maior, de coragem, &#8230;<\/p>\n","protected":false},"author":2,"featured_media":16986,"comment_status":"closed","ping_status":"closed","sticky":false,"template":"","format":"standard","meta":{"_acf_changed":false,"rs_blank_template":"","rs_page_bg_color":"","slide_template_v7":"","footnotes":""},"categories":[68],"tags":[],"class_list":["post-16984","post","type-post","status-publish","format-standard","has-post-thumbnail","hentry","category-ultimas"],"acf":[],"_links":{"self":[{"href":"https:\/\/paroquiavilarandorinho.pt\/index.php?rest_route=\/wp\/v2\/posts\/16984","targetHints":{"allow":["GET"]}}],"collection":[{"href":"https:\/\/paroquiavilarandorinho.pt\/index.php?rest_route=\/wp\/v2\/posts"}],"about":[{"href":"https:\/\/paroquiavilarandorinho.pt\/index.php?rest_route=\/wp\/v2\/types\/post"}],"author":[{"embeddable":true,"href":"https:\/\/paroquiavilarandorinho.pt\/index.php?rest_route=\/wp\/v2\/users\/2"}],"replies":[{"embeddable":true,"href":"https:\/\/paroquiavilarandorinho.pt\/index.php?rest_route=%2Fwp%2Fv2%2Fcomments&post=16984"}],"version-history":[{"count":4,"href":"https:\/\/paroquiavilarandorinho.pt\/index.php?rest_route=\/wp\/v2\/posts\/16984\/revisions"}],"predecessor-version":[{"id":17013,"href":"https:\/\/paroquiavilarandorinho.pt\/index.php?rest_route=\/wp\/v2\/posts\/16984\/revisions\/17013"}],"wp:featuredmedia":[{"embeddable":true,"href":"https:\/\/paroquiavilarandorinho.pt\/index.php?rest_route=\/wp\/v2\/media\/16986"}],"wp:attachment":[{"href":"https:\/\/paroquiavilarandorinho.pt\/index.php?rest_route=%2Fwp%2Fv2%2Fmedia&parent=16984"}],"wp:term":[{"taxonomy":"category","embeddable":true,"href":"https:\/\/paroquiavilarandorinho.pt\/index.php?rest_route=%2Fwp%2Fv2%2Fcategories&post=16984"},{"taxonomy":"post_tag","embeddable":true,"href":"https:\/\/paroquiavilarandorinho.pt\/index.php?rest_route=%2Fwp%2Fv2%2Ftags&post=16984"}],"curies":[{"name":"wp","href":"https:\/\/api.w.org\/{rel}","templated":true}]}}