{"id":17566,"date":"2026-08-31T18:35:43","date_gmt":"2026-08-31T17:35:43","guid":{"rendered":"https:\/\/paroquiavilarandorinho.pt\/?p=17566"},"modified":"2026-08-31T18:35:43","modified_gmt":"2026-08-31T17:35:43","slug":"discurso-do-papa-21-de-agosto-de-2026-a-dignidade-humana-e-a-inteligencia-artificial-desafios-oportunidades-e-controle","status":"publish","type":"post","link":"https:\/\/paroquiavilarandorinho.pt\/?p=17566","title":{"rendered":"Discurso do Papa &#8211; 21 de agosto de 2026 &#8211; A dignidade humana e a intelig\u00eancia artificial- Desafios, oportunidades e controle"},"content":{"rendered":"<p style=\"text-align: center;\"><img loading=\"lazy\" decoding=\"async\" class=\"aligncenter wp-image-9814 size-full\" src=\"https:\/\/paroquiavilarandorinho.pt\/wp-content\/uploads\/2025\/10\/pope.png\" alt=\"\" width=\"104\" height=\"120\" \/><\/p>\n<p style=\"text-align: center;\"><strong>DISCURSO DO SANTO PADRE LE\u00c3O XIV<\/strong><strong><br \/>\nAOS PARTICIPANTES NO XVII ENCONTRO ANUAL<br \/>\nDA \u00abINTERNATIONAL CATHOLIC LEGISLATORS NETWORK\u00bb<\/strong><\/p>\n<p><strong>Sala Clementina<\/strong><strong><br \/>\nSexta-feira, 21 de agosto de 2026<\/strong><\/p>\n<p><em>Emin\u00eancias,<br \/>\nIlustres senhoras e senhores,<br \/>\nEstimados irm\u00e3os e irm\u00e3s em Cristo!<\/em><\/p>\n<p style=\"text-align: justify;\">\u00c9 para mim uma alegria saudar-vos, membros da\u00a0<em>International Catholic Legislators Network<\/em>\u00a0e, em particular, os Cardeais Sch\u00f6nborn e Bo, Patronos desta Rede.<\/p>\n<p style=\"text-align: justify;\">O tema do vosso encontro anual, \u201cDignidade humana e intelig\u00eancia artificial: desafios, oportunidades e controle\u201d, oferece-vos a oportunidade de refletir sobre uma das quest\u00f5es determinantes da nossa \u00e9poca.\u00a0 O extraordin\u00e1rio progresso da intelig\u00eancia artificial continua a abrir horizontes que as gera\u00e7\u00f5es precedentes dificilmente poderiam ter imaginado. No entanto, cada conquista tecnol\u00f3gica apresenta tamb\u00e9m \u00e0 humanidade uma quest\u00e3o moral: n\u00e3o meramente\u00a0<em>o que podemos fazer<\/em>, mas\u00a0<em>o que devemos fazer<\/em>?\u00a0 Na verdade, hoje a nossa fam\u00edlia humana enfrenta uma escolha decisiva. Como escrevi na Carta enc\u00edclica\u00a0<a href=\"https:\/\/www.vatican.va\/content\/leo-xiv\/pt\/encyclicals\/documents\/20260515-magnifica-humanitas.html\"><em>Magnifica humanitas<\/em><\/a>, podemos sentir-nos tentados a construir uma nova Torre de Babel, onde o poder, a efici\u00eancia e o dom\u00ednio ofuscam o rosto da pessoa humana; ou podemos edificar uma civiliza\u00e7\u00e3o na qual a tecnologia sirva o desenvolvimento integral de cada pessoa (cf. nn. 7-10).\u00a0 A quest\u00e3o decisiva continua a ser a mesma: a tecnologia ajuda as pessoas a tornar-se mais fraternas e respons\u00e1veis para consigo mesmas e para com os outros?\u00a0 A este respeito, os princ\u00edpios da Doutrina social da Igreja \u2014 a dignidade inviol\u00e1vel de cada pessoa, o bem comum, o destino universal dos bens, a subsidiariedade e a solidariedade \u2014 constituem os crit\u00e9rios seguros para o discernimento.<\/p>\n<p style=\"text-align: justify;\">Caros legisladores, a vossa voca\u00e7\u00e3o coloca-vos no centro deste desafio. Respons\u00e1veis pela elabora\u00e7\u00e3o de pol\u00edticas para a gest\u00e3o da tecnologia em prol do bem comum, a vossa tarefa n\u00e3o consiste em impedir a inova\u00e7\u00e3o, mas em orient\u00e1-la com sabedoria (cf. Francisco,\u00a0<a href=\"https:\/\/www.vatican.va\/content\/francesco\/pt\/speeches\/2021\/august\/documents\/20210827-internationalcatholic-legislatorsnetwork.html\"><em>Discurso aos participantes no encontro promovido pela International Catholic Legislators Network<\/em><\/a>, 27 de agosto de 2021).\u00a0 Uma legisla\u00e7\u00e3o s\u00f3lida deveria incentivar a criatividade cient\u00edfica e tecnol\u00f3gica, salvaguardando os direitos humanos e, ao mesmo tempo, as liberdades fundamentais.\u00a0 Deveria salvaguardar os utilizadores contra a explora\u00e7\u00e3o, preservar a privacidade pessoal, assegurar a transpar\u00eancia no uso das tecnologias emergentes e garantir que elas fortale\u00e7am as institui\u00e7\u00f5es democr\u00e1ticas.<\/p>\n<p style=\"text-align: justify;\">Para tal finalidade, \u00abs\u00e3o necess\u00e1rios quadros jur\u00eddicos s\u00f3lidos, supervis\u00e3o independente, utilizadores informados e um sistema pol\u00edtico que n\u00e3o abdique da sua responsabilidade\u00bb (<a href=\"https:\/\/www.vatican.va\/content\/leo-xiv\/pt\/encyclicals\/documents\/20260515-magnifica-humanitas.html\"><em>Magnifica humanitas<\/em><\/a>, n. 106). Esta supervis\u00e3o pode funcionar a v\u00e1rios n\u00edveis \u2014 local, nacional e internacional \u2014 facilitando o debate aberto sobre \u00abos quadros \u00e9ticos envolvidos e submetendo-os a normas comuns de justi\u00e7a social\u00bb (n. 107), e garantindo que nenhuma ideologia ou interesse isolado determine os valores inerentes aos sistemas de intelig\u00eancia artificial.<\/p>\n<p style=\"text-align: justify;\">Ao mesmo tempo, o r\u00e1pido desenvolvimento da intelig\u00eancia artificial corre o risco de criar novas formas de depend\u00eancia tecnol\u00f3gica, com as na\u00e7\u00f5es mais pobres que se tornam cada vez mais dependentes das mais ricas. Devemos permanecer vigilantes a este respeito, a fim de que a inova\u00e7\u00e3o n\u00e3o se torne mais um ve\u00edculo de colonialismo ideol\u00f3gico ou econ\u00f3mico (cf. nn. 178-179).\u00a0 Infelizmente, deparamo-nos com uma forma dissimulada de domina\u00e7\u00e3o quando os algoritmos decidem quem \u00e9 visto, quem permanece invis\u00edvel, quando as plataformas digitais moldam o discurso p\u00fablico sem prestar contas e quando a dignidade dos trabalhadores \u00e9 subordinada \u00e0 otimiza\u00e7\u00e3o dos sistemas (cf. nn. 95, 150, 171). Tais desenvolvimentos revelam uma nova face da antiga tenta\u00e7\u00e3o de domina\u00e7\u00e3o e senhorio sem servi\u00e7o.<\/p>\n<p style=\"text-align: justify;\">Contra esta cultura do poder, a Igreja prop\u00f5e \u00aba civiliza\u00e7\u00e3o do amor\u00bb (Paulo VI,\u00a0<a href=\"https:\/\/www.vatican.va\/content\/paul-vi\/pt\/angelus\/1970\/documents\/hf_p-vi_reg_19700517.html\"><em>Regina caeli<\/em><\/a>, 17 de maio de 1970; cf.\u00a0<a href=\"https:\/\/www.vatican.va\/content\/leo-xiv\/pt\/encyclicals\/documents\/20260515-magnifica-humanitas.html\"><em>Magnifica humanitas<\/em><\/a>, n. 186) \u2014 uma civiliza\u00e7\u00e3o que governaria a intelig\u00eancia artificial com sabedoria, cultivando cora\u00e7\u00f5es capazes de caridade, compaix\u00e3o e responsabilidade. Numa sociedade como esta, a primeira escola de humanidade seria a fam\u00edlia. Pois \u00e9 no seio da fam\u00edlia que aprendemos, em primeiro lugar, a confiar antes de calcular, a ser generosos antes de competir, a dialogar antes de dividir e a amar antes de exercer o poder. Nunca se deve permitir que a intelig\u00eancia artificial corroa esta c\u00e9lula prim\u00e1ria da sociedade, quer reduzindo as pessoas e as rela\u00e7\u00f5es a dados e simula\u00e7\u00f5es, quer inundando a mente dos jovens com conte\u00fados que deturpam o desejo, quer ainda atrav\u00e9s de modelos econ\u00f3micos que tornam a vida familiar economicamente prec\u00e1ria.\u00a0 Por esta raz\u00e3o, encorajo-vos a promover pol\u00edticas que fortale\u00e7am o matrim\u00f3nio e as fam\u00edlias, apoiem os pais na sua miss\u00e3o educativa e permitam que os jovens olhem para o futuro com confian\u00e7a.<\/p>\n<p style=\"text-align: justify;\">Estimados amigos, o mundo n\u00e3o precisa de uma intelig\u00eancia artificial que diminua a humanidade; pelo contr\u00e1rio, tem necessidade de uma intelig\u00eancia humana iluminada pela sabedoria, de uma autoridade pol\u00edtica orientada pela consci\u00eancia e de uma inova\u00e7\u00e3o tecnol\u00f3gica guiada pela caridade. S\u00f3 assim a intelig\u00eancia artificial deixar\u00e1 de ser rival da humanidade, para se tornar servidora do bem comum.<\/p>\n<p style=\"text-align: justify;\">Com estes pensamentos, rezo a fim de que as vossas delibera\u00e7\u00f5es produzam frutos abundantes para as vossas na\u00e7\u00f5es e para toda a fam\u00edlia humana. Que a Bem-Aventurada Virgem Maria, M\u00e3e do Bom Conselho, vos acompanhe sempre. Sobre v\u00f3s, as vossas fam\u00edlias e todos aqueles que foram confiados ao vosso servi\u00e7o, invoco de bom grado as abundantes b\u00ean\u00e7\u00e3os de Deus. Obrigado!<\/p>\n<p style=\"text-align: justify;\">________________________<\/p>\n<p style=\"text-align: justify;\"><em>L&#8217;Osservatore Romano<\/em><\/p>\n<p>&nbsp;<\/p>\n<p><a href=\"https:\/\/paroquiavilarandorinho.pt\/wp-content\/uploads\/2026\/08\/Discurso-do-Papa-21-de-agosto-de-2026-.pdf\">Discurso do Papa &#8211; 21 de agosto de 2026<\/a> (PDF)<\/p>\n","protected":false},"excerpt":{"rendered":"<p>O tema do vosso encontro anual, \u201cDignidade humana e intelig\u00eancia artificial: desafios, oportunidades e controle\u201d, oferece-vos a oportunidade &#8230;<\/p>\n","protected":false},"author":2,"featured_media":15146,"comment_status":"closed","ping_status":"closed","sticky":false,"template":"","format":"standard","meta":{"_acf_changed":false,"rs_blank_template":"","rs_page_bg_color":"","slide_template_v7":"","footnotes":""},"categories":[104,68],"tags":[],"class_list":["post-17566","post","type-post","status-publish","format-standard","has-post-thumbnail","hentry","category-papa-leao-xiv","category-ultimas"],"acf":[],"_links":{"self":[{"href":"https:\/\/paroquiavilarandorinho.pt\/index.php?rest_route=\/wp\/v2\/posts\/17566","targetHints":{"allow":["GET"]}}],"collection":[{"href":"https:\/\/paroquiavilarandorinho.pt\/index.php?rest_route=\/wp\/v2\/posts"}],"about":[{"href":"https:\/\/paroquiavilarandorinho.pt\/index.php?rest_route=\/wp\/v2\/types\/post"}],"author":[{"embeddable":true,"href":"https:\/\/paroquiavilarandorinho.pt\/index.php?rest_route=\/wp\/v2\/users\/2"}],"replies":[{"embeddable":true,"href":"https:\/\/paroquiavilarandorinho.pt\/index.php?rest_route=%2Fwp%2Fv2%2Fcomments&post=17566"}],"version-history":[{"count":1,"href":"https:\/\/paroquiavilarandorinho.pt\/index.php?rest_route=\/wp\/v2\/posts\/17566\/revisions"}],"predecessor-version":[{"id":17568,"href":"https:\/\/paroquiavilarandorinho.pt\/index.php?rest_route=\/wp\/v2\/posts\/17566\/revisions\/17568"}],"wp:featuredmedia":[{"embeddable":true,"href":"https:\/\/paroquiavilarandorinho.pt\/index.php?rest_route=\/wp\/v2\/media\/15146"}],"wp:attachment":[{"href":"https:\/\/paroquiavilarandorinho.pt\/index.php?rest_route=%2Fwp%2Fv2%2Fmedia&parent=17566"}],"wp:term":[{"taxonomy":"category","embeddable":true,"href":"https:\/\/paroquiavilarandorinho.pt\/index.php?rest_route=%2Fwp%2Fv2%2Fcategories&post=17566"},{"taxonomy":"post_tag","embeddable":true,"href":"https:\/\/paroquiavilarandorinho.pt\/index.php?rest_route=%2Fwp%2Fv2%2Ftags&post=17566"}],"curies":[{"name":"wp","href":"https:\/\/api.w.org\/{rel}","templated":true}]}}